{"id":7510,"date":"2023-10-28T08:17:51","date_gmt":"2023-10-28T06:17:51","guid":{"rendered":"https:\/\/blogs.elcomercio.es\/retorcida-realidad\/?p=7510"},"modified":"2023-10-28T08:17:55","modified_gmt":"2023-10-28T06:17:55","slug":"en-la-uvi","status":"publish","type":"post","link":"https:\/\/blogs.elcomercio.es\/retorcida-realidad\/2023\/10\/28\/en-la-uvi\/","title":{"rendered":"En la UVI."},"content":{"rendered":"<p><a href=\"https:\/\/static-blogs.elcomercio.es\/wp-content\/uploads\/sites\/4\/2023\/10\/88428912-758x531.jpg\"><img loading=\"lazy\" class=\"size-medium wp-image-7511 alignleft\" src=\"https:\/\/static-blogs.elcomercio.es\/wp-content\/uploads\/sites\/4\/2023\/10\/88428912-758x531-300x210.jpg\" alt=\"\" width=\"300\" height=\"210\" srcset=\"https:\/\/static-blogs.elcomercio.es\/wp-content\/uploads\/sites\/4\/2023\/10\/88428912-758x531-300x210.jpg 300w, https:\/\/static-blogs.elcomercio.es\/wp-content\/uploads\/sites\/4\/2023\/10\/88428912-758x531.jpg 758w\" sizes=\"(max-width: 300px) 100vw, 300px\" \/><\/a>En el consejo de administraci\u00f3n de la Empresa Municipal de Servicios de Medio Ambiente (Emulsa) del pasado mi\u00e9rcoles qued\u00f3 claro. La situaci\u00f3n econ\u00f3mica de este ente p\u00fablico es muy delicada. Tanto, que el gerente inform\u00f3 que la hab\u00eda puesto en conocimiento del Tribunal de Cuentas por si pudieran surgir <em>\u00abconductas il\u00edcitas desde un punto de vista contable, administrativo o penal\u00bb.<\/em> En definitiva, si presuntamente existi\u00f3 alg\u00fan tipo de irregularidad que ha llevado a Emulsa al borde del precipicio. <strong>De hecho, si estuviese en el sector privado, o sea, no tuviese el aporte de fondos por parte del Ayuntamiento (3,6 millones de euros va a necesitar para cuadrar 2023), su viabilidad ser\u00eda nula. Dicho de otra forma: tendr\u00eda que cerrar.<\/strong> Entre otras cosas, tanto por su mala gesti\u00f3n (facturas sin cobrar o precios muy bajos por los servicios prestados), como por la falta de colch\u00f3n financiero (los 15,7 millones de euros que aparecen como reservas en la contabilidad no existen). Representantes de partidos, sindicatos y el movimiento vecinal reclamaron una auditor\u00eda externa. Algo, claro, que nunca sobra cuando se cambia de gesti\u00f3n. Recordemos que Emulsa hace un a\u00f1o ya dio s\u00edntomas de bastante desorden por el caso de presunto acoso sexual de un capataz hacia sus subordinadas. Entonces, saltaron todas las alarmas puesto que dicho comportamiento inapropiado no fue detectado, ni tampoco atajado, desde la propia direcci\u00f3n; pero nada se dijo sobre el tema econ\u00f3mico. Sobre todo, porque la pandemia, como en tantas otras cosas, sirvi\u00f3 como excusa perfecta para continuar inflando el globo hasta que estall\u00f3.<strong> Resumiendo, nuestra empresa de limpieza municipal se encuentra en la UVI. Lo que se pregunta Juan Gijon\u00e9s (nombre ficticio) es si habr\u00e1 alguna otra en situaci\u00f3n similar.<\/strong> Esto es, si nos vamos a seguir encontrando con sorpresas desagradables dentro del conglomerado municipal. En otras palabras: si tendremos que seguir mandando empresas al hospital.<\/p>\n<p><em><strong>@balbuenajm<\/strong><\/em><\/p>\n<!-- AddThis Advanced Settings generic via filter on the_content --><!-- AddThis Share Buttons generic via filter on the_content -->","protected":false},"excerpt":{"rendered":"<p>En el consejo de administraci\u00f3n de la Empresa Municipal de Servicios de Medio Ambiente (Emulsa) del pasado mi\u00e9rcoles qued\u00f3 claro. La situaci\u00f3n econ\u00f3mica de este ente p\u00fablico es muy delicada. Tanto, que el gerente inform\u00f3 que la hab\u00eda puesto en conocimiento del Tribunal de Cuentas por si pudieran surgir \u00abconductas il\u00edcitas desde un punto de [&hellip;]<!-- AddThis Advanced Settings generic via filter on get_the_excerpt --><!-- AddThis Share Buttons generic via filter on get_the_excerpt --><\/p>\n","protected":false},"author":5,"featured_media":0,"comment_status":"open","ping_status":"open","sticky":false,"template":"","format":"standard","meta":[],"categories":[1],"tags":[312,436,709,189,17],"_links":{"self":[{"href":"https:\/\/blogs.elcomercio.es\/retorcida-realidad\/wp-json\/wp\/v2\/posts\/7510"}],"collection":[{"href":"https:\/\/blogs.elcomercio.es\/retorcida-realidad\/wp-json\/wp\/v2\/posts"}],"about":[{"href":"https:\/\/blogs.elcomercio.es\/retorcida-realidad\/wp-json\/wp\/v2\/types\/post"}],"author":[{"embeddable":true,"href":"https:\/\/blogs.elcomercio.es\/retorcida-realidad\/wp-json\/wp\/v2\/users\/5"}],"replies":[{"embeddable":true,"href":"https:\/\/blogs.elcomercio.es\/retorcida-realidad\/wp-json\/wp\/v2\/comments?post=7510"}],"version-history":[{"count":1,"href":"https:\/\/blogs.elcomercio.es\/retorcida-realidad\/wp-json\/wp\/v2\/posts\/7510\/revisions"}],"predecessor-version":[{"id":7512,"href":"https:\/\/blogs.elcomercio.es\/retorcida-realidad\/wp-json\/wp\/v2\/posts\/7510\/revisions\/7512"}],"wp:attachment":[{"href":"https:\/\/blogs.elcomercio.es\/retorcida-realidad\/wp-json\/wp\/v2\/media?parent=7510"}],"wp:term":[{"taxonomy":"category","embeddable":true,"href":"https:\/\/blogs.elcomercio.es\/retorcida-realidad\/wp-json\/wp\/v2\/categories?post=7510"},{"taxonomy":"post_tag","embeddable":true,"href":"https:\/\/blogs.elcomercio.es\/retorcida-realidad\/wp-json\/wp\/v2\/tags?post=7510"}],"curies":[{"name":"wp","href":"https:\/\/api.w.org\/{rel}","templated":true}]}}