{"id":7513,"date":"2023-10-31T07:37:31","date_gmt":"2023-10-31T06:37:31","guid":{"rendered":"https:\/\/blogs.elcomercio.es\/retorcida-realidad\/?p=7513"},"modified":"2023-10-31T07:40:16","modified_gmt":"2023-10-31T06:40:16","slug":"una-gota-de-agua","status":"publish","type":"post","link":"https:\/\/blogs.elcomercio.es\/retorcida-realidad\/2023\/10\/31\/una-gota-de-agua\/","title":{"rendered":"Una gota de agua."},"content":{"rendered":"<p><a href=\"https:\/\/static-blogs.elcomercio.es\/wp-content\/uploads\/sites\/4\/2023\/10\/88564319-758x531.jpg-copia.jpg\"><img loading=\"lazy\" class=\"size-medium wp-image-7514 alignleft\" src=\"https:\/\/static-blogs.elcomercio.es\/wp-content\/uploads\/sites\/4\/2023\/10\/88564319-758x531.jpg-copia-300x210.jpg\" alt=\"\" width=\"300\" height=\"210\" srcset=\"https:\/\/static-blogs.elcomercio.es\/wp-content\/uploads\/sites\/4\/2023\/10\/88564319-758x531.jpg-copia-300x210.jpg 300w, https:\/\/static-blogs.elcomercio.es\/wp-content\/uploads\/sites\/4\/2023\/10\/88564319-758x531.jpg-copia.jpg 758w\" sizes=\"(max-width: 300px) 100vw, 300px\" \/><\/a>El proyecto para la construcci\u00f3n de viviendas p\u00fablicas en el solar de la antigua Escuela de Peritos no es nada nuevo. De hecho, el Principado ya lo present\u00f3 en marzo del a\u00f1o pasado. Incluso estuvo presente en la firma de un convenio entre el Ministerio de Transportes y el Ayuntamiento (diciembre 2022). El hecho es que ahora, con la Consejer\u00eda de Ordenaci\u00f3n del Territorio, Urbanismo, Vivienda y Derechos Ciudadanos del Principado en manos de IU, parece que se quiere relanzar. Seg\u00fan nos asegura su titular, Ovidio Zapico, ser\u00e1n 250 pisos en r\u00e9gimen de alquiler para menores de 35 a\u00f1os. <strong>Asimismo, se construir\u00e1 un parking subterr\u00e1neo con 411 plazas, algo con lo que ya contaban los anteriores gestores municipales para mitigar la escabechina de aparcamientos que hab\u00edan perpetrado.<\/strong> Dicen que ser\u00e1 una realidad hacia el verano de 2016, sobre todo porque es la fecha que impone Europa para la concesi\u00f3n de fondos del Plan de Recuperaci\u00f3n, Transformaci\u00f3n y Resiliencia (8,9 millones de euros de un total de 44). Adem\u00e1s, afirma el consejero que es la soluci\u00f3n al acceso a la vivienda, puesto que \u00abes el principal problema para los j\u00f3venes\u00bb. <strong>Sinceramente, algo que ponemos en duda.<\/strong><\/p>\n<p>De nuevo, desde instancias pol\u00edticas se cree que el mercado del alquiler se puede dominar y manejar a su antojo. <strong>Esto es, que mientras cientos de peque\u00f1os arrendadores se retiran puesto que son penalizados por la nueva Ley, desde lo p\u00fablico se va a compensar dedic\u00e1ndose a la construcci\u00f3n.<\/strong> Una especie de Matrix donde los inquilinos depender\u00e1n del gobierno de turno y no de sus contratos particulares con los arrendadores. En Gij\u00f3n, no es nada nuevo. F\u00edjense si no qu\u00e9 arreglaron los minipisos de la Universidad Laboral, construidos hace m\u00e1s de una d\u00e9cada con el mismo prop\u00f3sito. O sea, 102 apartamentos que iban a resolver el acceso a un piso por parte de los m\u00e1s j\u00f3venes, pero que desde el punto de vista de la oferta resultaron irrelevantes. Ahora, se quiere que la iniciativa privada construya este bloque a cambio de una explotaci\u00f3n durante setenta a\u00f1os, con un precio m\u00e1ximo de 8,5 euros por metro cuadrado. Lo cual, viendo lo que est\u00e1 pasando con otras licitaciones, se nos antoja tambi\u00e9n complicado. <strong>El caso, como digo, es que no se buscan f\u00f3rmulas de incentivos para que salgan al mercado m\u00e1s pisos particulares en r\u00e9gimen de arrendamiento, sino que se intenta suplirlos incrementando la oferta p\u00fablica.<\/strong> A la postre, una gota de agua en mitad del oc\u00e9ano.<\/p>\n<p><em><strong>@balbuenajm<\/strong><\/em><\/p>\n<!-- AddThis Advanced Settings generic via filter on the_content --><!-- AddThis Share Buttons generic via filter on the_content -->","protected":false},"excerpt":{"rendered":"<p>El proyecto para la construcci\u00f3n de viviendas p\u00fablicas en el solar de la antigua Escuela de Peritos no es nada nuevo. De hecho, el Principado ya lo present\u00f3 en marzo del a\u00f1o pasado. Incluso estuvo presente en la firma de un convenio entre el Ministerio de Transportes y el Ayuntamiento (diciembre 2022). El hecho es [&hellip;]<!-- AddThis Advanced Settings generic via filter on get_the_excerpt --><!-- AddThis Share Buttons generic via filter on get_the_excerpt --><\/p>\n","protected":false},"author":5,"featured_media":0,"comment_status":"open","ping_status":"open","sticky":false,"template":"","format":"standard","meta":[],"categories":[1],"tags":[277,1253,312,17,305,1254],"_links":{"self":[{"href":"https:\/\/blogs.elcomercio.es\/retorcida-realidad\/wp-json\/wp\/v2\/posts\/7513"}],"collection":[{"href":"https:\/\/blogs.elcomercio.es\/retorcida-realidad\/wp-json\/wp\/v2\/posts"}],"about":[{"href":"https:\/\/blogs.elcomercio.es\/retorcida-realidad\/wp-json\/wp\/v2\/types\/post"}],"author":[{"embeddable":true,"href":"https:\/\/blogs.elcomercio.es\/retorcida-realidad\/wp-json\/wp\/v2\/users\/5"}],"replies":[{"embeddable":true,"href":"https:\/\/blogs.elcomercio.es\/retorcida-realidad\/wp-json\/wp\/v2\/comments?post=7513"}],"version-history":[{"count":3,"href":"https:\/\/blogs.elcomercio.es\/retorcida-realidad\/wp-json\/wp\/v2\/posts\/7513\/revisions"}],"predecessor-version":[{"id":7517,"href":"https:\/\/blogs.elcomercio.es\/retorcida-realidad\/wp-json\/wp\/v2\/posts\/7513\/revisions\/7517"}],"wp:attachment":[{"href":"https:\/\/blogs.elcomercio.es\/retorcida-realidad\/wp-json\/wp\/v2\/media?parent=7513"}],"wp:term":[{"taxonomy":"category","embeddable":true,"href":"https:\/\/blogs.elcomercio.es\/retorcida-realidad\/wp-json\/wp\/v2\/categories?post=7513"},{"taxonomy":"post_tag","embeddable":true,"href":"https:\/\/blogs.elcomercio.es\/retorcida-realidad\/wp-json\/wp\/v2\/tags?post=7513"}],"curies":[{"name":"wp","href":"https:\/\/api.w.org\/{rel}","templated":true}]}}