{"id":7551,"date":"2023-12-02T07:59:27","date_gmt":"2023-12-02T06:59:27","guid":{"rendered":"https:\/\/blogs.elcomercio.es\/retorcida-realidad\/?p=7551"},"modified":"2023-12-02T08:01:38","modified_gmt":"2023-12-02T07:01:38","slug":"la-franja-de-laviada","status":"publish","type":"post","link":"https:\/\/blogs.elcomercio.es\/retorcida-realidad\/2023\/12\/02\/la-franja-de-laviada\/","title":{"rendered":"La franja de Laviada."},"content":{"rendered":"<p><a href=\"https:\/\/static-blogs.elcomercio.es\/wp-content\/uploads\/sites\/4\/2023\/12\/puente-carlos-marx.jpg\"><img loading=\"lazy\" class=\"size-medium wp-image-7553 alignleft\" src=\"https:\/\/static-blogs.elcomercio.es\/wp-content\/uploads\/sites\/4\/2023\/12\/puente-carlos-marx-300x210.jpg\" alt=\"\" width=\"300\" height=\"210\" srcset=\"https:\/\/static-blogs.elcomercio.es\/wp-content\/uploads\/sites\/4\/2023\/12\/puente-carlos-marx-300x210.jpg 300w, https:\/\/static-blogs.elcomercio.es\/wp-content\/uploads\/sites\/4\/2023\/12\/puente-carlos-marx.jpg 758w\" sizes=\"(max-width: 300px) 100vw, 300px\" \/><\/a>Perm\u00edtanme que les hable de mi barrio: Laviada. Zona especialmente castigada por todo lo que representa el plan de v\u00edas. <strong>A la postre, lleva 21 a\u00f1os manga por hombro esperando por su remodelaci\u00f3n.<\/strong> Se\u00f1al\u00e1bamos el pasado martes en esta columna la siguiente paradoja. Si el AVE que lleg\u00f3 lleno de autoridades hubiese hecho su parada final en Gij\u00f3n en vez de Oviedo, \u00bfqu\u00e9 hubiese pasado? Se lo digo yo: una vez cruzado el viaducto de Carlos Marx, entrar\u00edan en otro mundo. M\u00e1s bien, un submundo. La concentraci\u00f3n de servicios sociales en la zona hace que sus usuarios generen muchos problemas. Sin ir m\u00e1s lejos, delante del Albergue Covadonga hay un aparcamiento que es disuasorio de por s\u00ed: est\u00e1 pr\u00e1cticamente vac\u00edo puesto que nadie se atreve a dejar el coche. Motivo: los m\u00faltiples conflictos que se generan entre las personas que andan por ah\u00ed pululando. A eso tenemos que a\u00f1adir que en el parque Teodoro Cuesta (enfrente de la sede de EL COMERCIO, actualmente en construcci\u00f3n) los altercados son continuos, incluso con resultado de muerte. Para nada, en las dos ubicaciones anteriores es raro ver actuaciones policiales. <strong>A lo que debemos tambi\u00e9n sumar, el temor que produce entre los vecinos la cantidad de sintecho que se acumulan, porque m\u00e1s de uno tiene problemas de salud mental.<\/strong> Algunos morando por la parte selv\u00e1tica de el \u00absolaron\u00bb, otros debajo del puente de Carlos Marx. Y por si fuera poco, su urbanismo es un desastre. La calle Sanz Crespo -salida y entrada centro de la autopista Y- lleva 12 a\u00f1os cortada. Esto es, representa una v\u00eda que no va a ninguna parte. Bueno s\u00ed, al apeadero ferroviario que dicen es una estaci\u00f3n provisional desde el 2011. <strong>Todo ello, hace que el barrio sea uno de los m\u00e1s degradados -a\u00f1adir\u00eda tambi\u00e9n a El Natahoyo, pero por otros motivos- de la ciudad.<\/strong> Esperando a que, de una vez, cambie el entorno y recupere la normalidad perdida. En fin, as\u00ed es la vida donde yo vivo: en la franja de Laviada.<\/p>\n<p><em><strong>@balbuenajm<\/strong><\/em><\/p>\n<!-- AddThis Advanced Settings generic via filter on the_content --><!-- AddThis Share Buttons generic via filter on the_content -->","protected":false},"excerpt":{"rendered":"<p>Perm\u00edtanme que les hable de mi barrio: Laviada. Zona especialmente castigada por todo lo que representa el plan de v\u00edas. A la postre, lleva 21 a\u00f1os manga por hombro esperando por su remodelaci\u00f3n. Se\u00f1al\u00e1bamos el pasado martes en esta columna la siguiente paradoja. Si el AVE que lleg\u00f3 lleno de autoridades hubiese hecho su parada [&hellip;]<!-- AddThis Advanced Settings generic via filter on get_the_excerpt --><!-- AddThis Share Buttons generic via filter on get_the_excerpt --><\/p>\n","protected":false},"author":5,"featured_media":0,"comment_status":"open","ping_status":"open","sticky":false,"template":"","format":"standard","meta":[],"categories":[1],"tags":[312,1335,17,335,36,1334],"_links":{"self":[{"href":"https:\/\/blogs.elcomercio.es\/retorcida-realidad\/wp-json\/wp\/v2\/posts\/7551"}],"collection":[{"href":"https:\/\/blogs.elcomercio.es\/retorcida-realidad\/wp-json\/wp\/v2\/posts"}],"about":[{"href":"https:\/\/blogs.elcomercio.es\/retorcida-realidad\/wp-json\/wp\/v2\/types\/post"}],"author":[{"embeddable":true,"href":"https:\/\/blogs.elcomercio.es\/retorcida-realidad\/wp-json\/wp\/v2\/users\/5"}],"replies":[{"embeddable":true,"href":"https:\/\/blogs.elcomercio.es\/retorcida-realidad\/wp-json\/wp\/v2\/comments?post=7551"}],"version-history":[{"count":2,"href":"https:\/\/blogs.elcomercio.es\/retorcida-realidad\/wp-json\/wp\/v2\/posts\/7551\/revisions"}],"predecessor-version":[{"id":7554,"href":"https:\/\/blogs.elcomercio.es\/retorcida-realidad\/wp-json\/wp\/v2\/posts\/7551\/revisions\/7554"}],"wp:attachment":[{"href":"https:\/\/blogs.elcomercio.es\/retorcida-realidad\/wp-json\/wp\/v2\/media?parent=7551"}],"wp:term":[{"taxonomy":"category","embeddable":true,"href":"https:\/\/blogs.elcomercio.es\/retorcida-realidad\/wp-json\/wp\/v2\/categories?post=7551"},{"taxonomy":"post_tag","embeddable":true,"href":"https:\/\/blogs.elcomercio.es\/retorcida-realidad\/wp-json\/wp\/v2\/tags?post=7551"}],"curies":[{"name":"wp","href":"https:\/\/api.w.org\/{rel}","templated":true}]}}