{"id":7559,"date":"2023-12-13T07:44:23","date_gmt":"2023-12-13T06:44:23","guid":{"rendered":"https:\/\/blogs.elcomercio.es\/retorcida-realidad\/?p=7559"},"modified":"2023-12-13T07:44:40","modified_gmt":"2023-12-13T06:44:40","slug":"mas-bien-via-crucis","status":"publish","type":"post","link":"https:\/\/blogs.elcomercio.es\/retorcida-realidad\/2023\/12\/13\/mas-bien-via-crucis\/","title":{"rendered":"M\u00e1s bien, v\u00eda crucis."},"content":{"rendered":"<p><a href=\"https:\/\/static-blogs.elcomercio.es\/wp-content\/uploads\/sites\/4\/2023\/12\/89586150-1200x840.jpg\"><img loading=\"lazy\" class=\"size-medium wp-image-7560 alignleft\" src=\"https:\/\/static-blogs.elcomercio.es\/wp-content\/uploads\/sites\/4\/2023\/12\/89586150-1200x840-300x210.jpg\" alt=\"\" width=\"300\" height=\"210\" srcset=\"https:\/\/static-blogs.elcomercio.es\/wp-content\/uploads\/sites\/4\/2023\/12\/89586150-1200x840-300x210.jpg 300w, https:\/\/static-blogs.elcomercio.es\/wp-content\/uploads\/sites\/4\/2023\/12\/89586150-1200x840-768x538.jpg 768w, https:\/\/static-blogs.elcomercio.es\/wp-content\/uploads\/sites\/4\/2023\/12\/89586150-1200x840-1024x717.jpg 1024w, https:\/\/static-blogs.elcomercio.es\/wp-content\/uploads\/sites\/4\/2023\/12\/89586150-1200x840.jpg 1200w\" sizes=\"(max-width: 300px) 100vw, 300px\" \/><\/a>Tiene gracia (maldita) lo que llaman la v\u00eda fiscal asturiana. <strong>A la postre, una especie de segmentaci\u00f3n entre los contribuyentes del IRPF que beneficia a quien se designa desde instancias gubernamentales.<\/strong> As\u00ed, el Ejecutivo plantea una serie de deducciones en cada presupuesto que, oigan, pueden o no encajar en la mayor\u00eda de los asturianos. En este caso, para los del 2024, por ejemplo, se plantean algunas como las siguientes. El arrendamiento para menores de 35 a\u00f1os pasa del 10% al 20%, cuando el principal problema para los j\u00f3venes est\u00e1 en encontrar piso. La nueva Ley de Vivienda se ha encargado de aniquilar la oferta de inmuebles en alquiler. Exactamente lo mismo que la compra o rehabilitaci\u00f3n de vivienda en concejos en riesgo de despoblaci\u00f3n, puesto que, bien es cierto, buena parte de los asturianos nos encontramos concentrados en el \u00e1rea central. Pese a ello, los c\u00e1lculos realizados por la Consejer\u00eda de Hacienda dicen que nos ahorraremos 57 millones de euros en la pr\u00f3xima declaraci\u00f3n de la renta. <strong>Eso s\u00ed, prep\u00e1rense a leerse bien la letra peque\u00f1a del impuesto el a\u00f1o que viene, aunque seguramente no entrar\u00e1n en ninguna de las deducciones planteadas.<\/strong><\/p>\n<p>Menuda oportunidad que perdi\u00f3 el Gobierno de <em>Adri\u00e1n Barb\u00f3n<\/em> de beneficiar a la clase media. Al final, la que sostiene el sistema de bienestar. Mientras en otras comunidades deflactaron los tipos del IRPF -incluso las socialistas, como hizo en su d\u00eda Valencia- aqu\u00ed se mantuvo contra viento y marea. Todo ello, pese a que el Principado sigue aumentado su recaudaci\u00f3n por la subida de los precios. De hecho, durante el pr\u00f3ximo ejercicio los ingresos v\u00eda tributos crecer\u00e1n en 369 millones de euros. Dedicados, b\u00e1sicamente, a financiar el gasto corriente, puesto que la inversi\u00f3n se sostiene mediante el man\u00e1 de los fondos europeos.<strong> Es m\u00e1s, ese gui\u00f1o a quienes se muestran activos, o sea, todav\u00eda trabajan, contribuir\u00eda a valorar su esfuerzo. M\u00e1xime, en una comunidad donde dos tercios de su poblaci\u00f3n no lo hace.<\/strong> En cambio, como digo, solo algunos elegidos seg\u00fan criterios pol\u00edticos tendr\u00e1n esa posibilidad de aligerar algo (no mucho) su carga. <strong>El grueso de la tropa fiscal se quedar\u00e1 una vez m\u00e1s a verlas venir, contribuyendo con los tipos auton\u00f3micos m\u00e1s elevados de toda Espa\u00f1a. Ojo, incluso para las rentas bajas<\/strong>. Tiene gracia (maldita), repito, lo que llaman la v\u00eda fiscal asturiana. M\u00e1s que nada, porque es un v\u00eda crucis: siempre acabamos pagando m\u00e1s.<\/p>\n<p><em><strong>@balbuenajm<\/strong><\/em><\/p>\n<!-- AddThis Advanced Settings generic via filter on the_content --><!-- AddThis Share Buttons generic via filter on the_content -->","protected":false},"excerpt":{"rendered":"<p>Tiene gracia (maldita) lo que llaman la v\u00eda fiscal asturiana. A la postre, una especie de segmentaci\u00f3n entre los contribuyentes del IRPF que beneficia a quien se designa desde instancias gubernamentales. As\u00ed, el Ejecutivo plantea una serie de deducciones en cada presupuesto que, oigan, pueden o no encajar en la mayor\u00eda de los asturianos. En [&hellip;]<!-- AddThis Advanced Settings generic via filter on get_the_excerpt --><!-- AddThis Share Buttons generic via filter on get_the_excerpt --><\/p>\n","protected":false},"author":5,"featured_media":0,"comment_status":"open","ping_status":"open","sticky":false,"template":"","format":"standard","meta":[],"categories":[1],"tags":[140,1159,53,1210,76,38],"_links":{"self":[{"href":"https:\/\/blogs.elcomercio.es\/retorcida-realidad\/wp-json\/wp\/v2\/posts\/7559"}],"collection":[{"href":"https:\/\/blogs.elcomercio.es\/retorcida-realidad\/wp-json\/wp\/v2\/posts"}],"about":[{"href":"https:\/\/blogs.elcomercio.es\/retorcida-realidad\/wp-json\/wp\/v2\/types\/post"}],"author":[{"embeddable":true,"href":"https:\/\/blogs.elcomercio.es\/retorcida-realidad\/wp-json\/wp\/v2\/users\/5"}],"replies":[{"embeddable":true,"href":"https:\/\/blogs.elcomercio.es\/retorcida-realidad\/wp-json\/wp\/v2\/comments?post=7559"}],"version-history":[{"count":1,"href":"https:\/\/blogs.elcomercio.es\/retorcida-realidad\/wp-json\/wp\/v2\/posts\/7559\/revisions"}],"predecessor-version":[{"id":7561,"href":"https:\/\/blogs.elcomercio.es\/retorcida-realidad\/wp-json\/wp\/v2\/posts\/7559\/revisions\/7561"}],"wp:attachment":[{"href":"https:\/\/blogs.elcomercio.es\/retorcida-realidad\/wp-json\/wp\/v2\/media?parent=7559"}],"wp:term":[{"taxonomy":"category","embeddable":true,"href":"https:\/\/blogs.elcomercio.es\/retorcida-realidad\/wp-json\/wp\/v2\/categories?post=7559"},{"taxonomy":"post_tag","embeddable":true,"href":"https:\/\/blogs.elcomercio.es\/retorcida-realidad\/wp-json\/wp\/v2\/tags?post=7559"}],"curies":[{"name":"wp","href":"https:\/\/api.w.org\/{rel}","templated":true}]}}