{"id":7566,"date":"2023-12-20T07:52:07","date_gmt":"2023-12-20T06:52:07","guid":{"rendered":"https:\/\/blogs.elcomercio.es\/retorcida-realidad\/?p=7566"},"modified":"2023-12-20T07:52:07","modified_gmt":"2023-12-20T06:52:07","slug":"como-ovejas","status":"publish","type":"post","link":"https:\/\/blogs.elcomercio.es\/retorcida-realidad\/2023\/12\/20\/como-ovejas\/","title":{"rendered":"Como ovejas."},"content":{"rendered":"<p><a href=\"https:\/\/static-blogs.elcomercio.es\/wp-content\/uploads\/sites\/4\/2023\/12\/90127513-1200x840.jpg\"><img loading=\"lazy\" class=\"size-medium wp-image-7567 alignleft\" src=\"https:\/\/static-blogs.elcomercio.es\/wp-content\/uploads\/sites\/4\/2023\/12\/90127513-1200x840-300x210.jpg\" alt=\"\" width=\"300\" height=\"210\" srcset=\"https:\/\/static-blogs.elcomercio.es\/wp-content\/uploads\/sites\/4\/2023\/12\/90127513-1200x840-300x210.jpg 300w, https:\/\/static-blogs.elcomercio.es\/wp-content\/uploads\/sites\/4\/2023\/12\/90127513-1200x840-768x538.jpg 768w, https:\/\/static-blogs.elcomercio.es\/wp-content\/uploads\/sites\/4\/2023\/12\/90127513-1200x840-1024x717.jpg 1024w, https:\/\/static-blogs.elcomercio.es\/wp-content\/uploads\/sites\/4\/2023\/12\/90127513-1200x840.jpg 1200w\" sizes=\"(max-width: 300px) 100vw, 300px\" \/><\/a>En la villa asturiana donde descanso y logro la paz interior, cada verano sucede un hecho singular. Un grupo de ovejas se concentra en un prau cercano en el que la gente pasea de forma relajada. Hasta ah\u00ed nada especial. Lo habitual en nuestro para\u00edso natural. Ahora bien, el fen\u00f3meno comienza cuando al grupo ovino se le ofrecen determinadas cosas para comer. En concreto, palomitas, gusanitos, gominolas y cosas as\u00ed. En definitiva, golosinas que incluso pueden da\u00f1ar a los animales. El caso es que casi autom\u00e1ticamente ese reba\u00f1o se comporta de forma organizada. <strong>Es ver una bolsa de pl\u00e1stico y acudir veloz en su b\u00fasqueda. Ni siquiera lo dudan.<\/strong> Es m\u00e1s, han acabado siendo totalmente adictas a la llamada comida basura. <strong>Vamos, que ya no hay quien se la quite e incluso persiguen a los turistas para que las ceben.<\/strong> La hierba, claro, ha pasado a un segundo lugar en su dieta.<\/p>\n<p>Pues bien, digo todo esto por la variante de Pajares. A la postre, obra muy importante que de momento ya ha conseguido algo: que los asturianos volvamos a mirar al tren. <strong>Hasta ahora, medio marginal y evitado.<\/strong> Sin embargo, ese idilio con el ferrocarril puede acabar m\u00e1s r\u00e1pido de lo que pensamos. Sobre todo, si no se producen mejoras en el tramo asturiano donde los tiempos de viaje son realmente insoportables. <strong>\u00bfC\u00f3mo puede ser que la Alta Velocidad tarde media hora en recorrer la distancia entre Gij\u00f3n y Oviedo? O sea, lo mismo que un convoy de cercan\u00edas cualquiera.<\/strong> Ya van dos veces -el pasado domingo y lunes- que el AVE se va quedando en la capital asturiana. El motivo: recuperar el retraso acumulado en Madrid por distintas aver\u00edas. As\u00ed, los desconcertados viajeros, fueron invitados a montarse en un regional para poder llegar a Gij\u00f3n, puesto que a Renfe recalar en la \u00faltima estaci\u00f3n le descolocaba por completo la programaci\u00f3n. Blanco y en botella\u2026 Exactamente lo mismo que pasa con el recorrido hasta Pola de Lena, donde este tren del siglo XXI ya empieza a correr de verdad. A veces, insisto, como asturiano me siento igual que las ovejas que antes les contaba. Nos dan un AVE de aquella manera -con la velocidad media m\u00e1s baja de toda Espa\u00f1a- y encima nos mostramos felices. Encantados con la posibilidad de salir por un t\u00fanel bajo la cordillera, pero con capacidades todav\u00eda muy inferiores a las que disfrutan en el resto de los territorios. <strong>Repito: nos dan los chuches y no la hierba que comen en otros lugares.<\/strong><\/p>\n<p><em><strong>@balbuenajm<\/strong><\/em><\/p>\n<!-- AddThis Advanced Settings generic via filter on the_content --><!-- AddThis Share Buttons generic via filter on the_content -->","protected":false},"excerpt":{"rendered":"<p>En la villa asturiana donde descanso y logro la paz interior, cada verano sucede un hecho singular. Un grupo de ovejas se concentra en un prau cercano en el que la gente pasea de forma relajada. Hasta ah\u00ed nada especial. Lo habitual en nuestro para\u00edso natural. Ahora bien, el fen\u00f3meno comienza cuando al grupo ovino [&hellip;]<!-- AddThis Advanced Settings generic via filter on get_the_excerpt --><!-- AddThis Share Buttons generic via filter on get_the_excerpt --><\/p>\n","protected":false},"author":5,"featured_media":0,"comment_status":"open","ping_status":"open","sticky":false,"template":"","format":"standard","meta":[],"categories":[1],"tags":[1323,5,30,33,450],"_links":{"self":[{"href":"https:\/\/blogs.elcomercio.es\/retorcida-realidad\/wp-json\/wp\/v2\/posts\/7566"}],"collection":[{"href":"https:\/\/blogs.elcomercio.es\/retorcida-realidad\/wp-json\/wp\/v2\/posts"}],"about":[{"href":"https:\/\/blogs.elcomercio.es\/retorcida-realidad\/wp-json\/wp\/v2\/types\/post"}],"author":[{"embeddable":true,"href":"https:\/\/blogs.elcomercio.es\/retorcida-realidad\/wp-json\/wp\/v2\/users\/5"}],"replies":[{"embeddable":true,"href":"https:\/\/blogs.elcomercio.es\/retorcida-realidad\/wp-json\/wp\/v2\/comments?post=7566"}],"version-history":[{"count":1,"href":"https:\/\/blogs.elcomercio.es\/retorcida-realidad\/wp-json\/wp\/v2\/posts\/7566\/revisions"}],"predecessor-version":[{"id":7568,"href":"https:\/\/blogs.elcomercio.es\/retorcida-realidad\/wp-json\/wp\/v2\/posts\/7566\/revisions\/7568"}],"wp:attachment":[{"href":"https:\/\/blogs.elcomercio.es\/retorcida-realidad\/wp-json\/wp\/v2\/media?parent=7566"}],"wp:term":[{"taxonomy":"category","embeddable":true,"href":"https:\/\/blogs.elcomercio.es\/retorcida-realidad\/wp-json\/wp\/v2\/categories?post=7566"},{"taxonomy":"post_tag","embeddable":true,"href":"https:\/\/blogs.elcomercio.es\/retorcida-realidad\/wp-json\/wp\/v2\/tags?post=7566"}],"curies":[{"name":"wp","href":"https:\/\/api.w.org\/{rel}","templated":true}]}}