{"id":7569,"date":"2023-12-23T06:51:43","date_gmt":"2023-12-23T05:51:43","guid":{"rendered":"https:\/\/blogs.elcomercio.es\/retorcida-realidad\/?p=7569"},"modified":"2023-12-23T06:53:22","modified_gmt":"2023-12-23T05:53:22","slug":"finiquitado","status":"publish","type":"post","link":"https:\/\/blogs.elcomercio.es\/retorcida-realidad\/2023\/12\/23\/finiquitado\/","title":{"rendered":"Finiquitado."},"content":{"rendered":"<p><a href=\"https:\/\/static-blogs.elcomercio.es\/wp-content\/uploads\/sites\/4\/2023\/12\/90184286-1200x840.jpg\"><img loading=\"lazy\" class=\"size-medium wp-image-7570 alignleft\" src=\"https:\/\/static-blogs.elcomercio.es\/wp-content\/uploads\/sites\/4\/2023\/12\/90184286-1200x840-300x210.jpg\" alt=\"\" width=\"300\" height=\"210\" srcset=\"https:\/\/static-blogs.elcomercio.es\/wp-content\/uploads\/sites\/4\/2023\/12\/90184286-1200x840-300x210.jpg 300w, https:\/\/static-blogs.elcomercio.es\/wp-content\/uploads\/sites\/4\/2023\/12\/90184286-1200x840-768x538.jpg 768w, https:\/\/static-blogs.elcomercio.es\/wp-content\/uploads\/sites\/4\/2023\/12\/90184286-1200x840-1024x717.jpg 1024w, https:\/\/static-blogs.elcomercio.es\/wp-content\/uploads\/sites\/4\/2023\/12\/90184286-1200x840.jpg 1200w\" sizes=\"(max-width: 300px) 100vw, 300px\" \/><\/a>Esta es una historia de desamor con una infraestructura: el intercambiador del Humedal. <strong>Nunca pedido por nadie, nunca expuesto ante la ciudadan\u00eda, nunca entendido.<\/strong> Digo m\u00e1s, el \u00fanico apoyo al proyecto del Principado para Gij\u00f3n viene desde la patronal del transporte, con la empresa Alsa como principal beneficiaria a la cabeza.<strong> Temen, como ya le ocurri\u00f3 al tren, que la estaci\u00f3n de autobuses interurbanos ubicada en Moreda represente una sangr\u00eda de viajeros.<\/strong> Lo mismo, repito, que sucedi\u00f3 a las cercan\u00edas ferroviarias cuando en 2011 se inaugur\u00f3 la terminal de Sanz Crespo. Por eso, no ven con malos ojos tener otra estaci\u00f3n en el centro. En definitiva, lo que representan los 190 metros de marquesinas y carriles de colorines. Sin embargo, el resto de colectivos se ha posicionado en contra. Sindicatos, Emtusa y asociaciones vecinales tienen claro su rechazo. Por ello, no se puede alargar m\u00e1s el debate. Desde instancias municipales se debe decir que no a algo que naci\u00f3 con mal pie. <strong>Pregunto, \u00bfno se pueden gastar los 3,4 millones de fondos europeos en otra cosa? \u00bfNo se puede construir esa nueva rotonda -al final, lo \u00fanico interesante de toda la actuaci\u00f3n- entre Sanz Crespo, Pedro Duro y \u00c1lvarez Garaya para reordenar el tr\u00e1fico en la zona?<\/strong> Deber\u00edamos, insisto, dedicar nuestros esfuerzos en encontrar otras formas mejores de invertir el dinero de Europa. El intercambiador est\u00e1 finiquitado y no podemos darle m\u00e1s vueltas. Por mucho que se le pongan parches con el \u00fanico fin de no perder los fondos, el proyecto seguir\u00e1 siendo igual de malo.<\/p>\n<p><em><strong>@balbuenajm<\/strong><\/em><\/p>\n<!-- AddThis Advanced Settings generic via filter on the_content --><!-- AddThis Share Buttons generic via filter on the_content -->","protected":false},"excerpt":{"rendered":"<p>Esta es una historia de desamor con una infraestructura: el intercambiador del Humedal. Nunca pedido por nadie, nunca expuesto ante la ciudadan\u00eda, nunca entendido. Digo m\u00e1s, el \u00fanico apoyo al proyecto del Principado para Gij\u00f3n viene desde la patronal del transporte, con la empresa Alsa como principal beneficiaria a la cabeza. Temen, como ya le [&hellip;]<!-- AddThis Advanced Settings generic via filter on get_the_excerpt --><!-- AddThis Share Buttons generic via filter on get_the_excerpt --><\/p>\n","protected":false},"author":5,"featured_media":0,"comment_status":"open","ping_status":"open","sticky":false,"template":"","format":"standard","meta":[],"categories":[1],"tags":[660,1193,312,709,32,17,36,38,275],"_links":{"self":[{"href":"https:\/\/blogs.elcomercio.es\/retorcida-realidad\/wp-json\/wp\/v2\/posts\/7569"}],"collection":[{"href":"https:\/\/blogs.elcomercio.es\/retorcida-realidad\/wp-json\/wp\/v2\/posts"}],"about":[{"href":"https:\/\/blogs.elcomercio.es\/retorcida-realidad\/wp-json\/wp\/v2\/types\/post"}],"author":[{"embeddable":true,"href":"https:\/\/blogs.elcomercio.es\/retorcida-realidad\/wp-json\/wp\/v2\/users\/5"}],"replies":[{"embeddable":true,"href":"https:\/\/blogs.elcomercio.es\/retorcida-realidad\/wp-json\/wp\/v2\/comments?post=7569"}],"version-history":[{"count":1,"href":"https:\/\/blogs.elcomercio.es\/retorcida-realidad\/wp-json\/wp\/v2\/posts\/7569\/revisions"}],"predecessor-version":[{"id":7571,"href":"https:\/\/blogs.elcomercio.es\/retorcida-realidad\/wp-json\/wp\/v2\/posts\/7569\/revisions\/7571"}],"wp:attachment":[{"href":"https:\/\/blogs.elcomercio.es\/retorcida-realidad\/wp-json\/wp\/v2\/media?parent=7569"}],"wp:term":[{"taxonomy":"category","embeddable":true,"href":"https:\/\/blogs.elcomercio.es\/retorcida-realidad\/wp-json\/wp\/v2\/categories?post=7569"},{"taxonomy":"post_tag","embeddable":true,"href":"https:\/\/blogs.elcomercio.es\/retorcida-realidad\/wp-json\/wp\/v2\/tags?post=7569"}],"curies":[{"name":"wp","href":"https:\/\/api.w.org\/{rel}","templated":true}]}}