{"id":7572,"date":"2023-12-27T07:36:06","date_gmt":"2023-12-27T06:36:06","guid":{"rendered":"https:\/\/blogs.elcomercio.es\/retorcida-realidad\/?p=7572"},"modified":"2023-12-27T07:45:31","modified_gmt":"2023-12-27T06:45:31","slug":"no-me-digas-no-me-cuentes","status":"publish","type":"post","link":"https:\/\/blogs.elcomercio.es\/retorcida-realidad\/2023\/12\/27\/no-me-digas-no-me-cuentes\/","title":{"rendered":"No me digas, no me cuentes."},"content":{"rendered":"<p><a href=\"https:\/\/static-blogs.elcomercio.es\/wp-content\/uploads\/sites\/4\/2023\/12\/89257638-1200x840.jpg\"><img loading=\"lazy\" class=\"size-medium wp-image-7573 alignleft\" src=\"https:\/\/static-blogs.elcomercio.es\/wp-content\/uploads\/sites\/4\/2023\/12\/89257638-1200x840-300x210.jpg\" alt=\"\" width=\"300\" height=\"210\" srcset=\"https:\/\/static-blogs.elcomercio.es\/wp-content\/uploads\/sites\/4\/2023\/12\/89257638-1200x840-300x210.jpg 300w, https:\/\/static-blogs.elcomercio.es\/wp-content\/uploads\/sites\/4\/2023\/12\/89257638-1200x840-768x538.jpg 768w, https:\/\/static-blogs.elcomercio.es\/wp-content\/uploads\/sites\/4\/2023\/12\/89257638-1200x840-1024x717.jpg 1024w, https:\/\/static-blogs.elcomercio.es\/wp-content\/uploads\/sites\/4\/2023\/12\/89257638-1200x840.jpg 1200w\" sizes=\"(max-width: 300px) 100vw, 300px\" \/><\/a>Seg\u00fan parece, uno de los objetivos prioritarios del Principado es poner en marcha la Zona de Actividades Log\u00edsticas e Industriales de Asturias (ZALIA). Al menos, eso se desprende de la entrevista publicada en estas mismas p\u00e1ginas el domingo al presidente asturiano, <em>Adri\u00e1n Barb\u00f3n<\/em>. Dice<em> Barb\u00f3n<\/em> con su conocido optimismo que <em>\u00abVamos a convertirnos en el polo log\u00edstico de Cornisa Cant\u00e1brica\u00bb<\/em>, ya que donde hoy crece el plumero de la pampa a sus anchas, acabar\u00e1 siendo un vergel empresarial. <strong>Exactamente lo mismo, por cierto, que se afirmaba tambi\u00e9n en 2005, fecha en la constituy\u00f3 la zona log\u00edstica.<\/strong> Sin embargo, 18 a\u00f1os despu\u00e9s vemos que no ha sido as\u00ed ni por asomo. Se intervino sobre un mill\u00f3n de metros cuadrados de suelo en la parroquia rural gijonesa de San Andr\u00e9s de los Tacones para nada. <strong>La p\u00e9sima gesti\u00f3n ha hecho que la ZALIA no deje de ser en la actualidad un pol\u00edgono industrial inconcluso. Incluso casi dir\u00edamos que fallido, si no estuviese sostenido desde lo p\u00fablico.<\/strong> El consejero de Fomento,<em> Alejandro Calvo<\/em>, nos habla de que se empezar\u00e1n a comercial sus parcelas el a\u00f1o que viene. Es m\u00e1s, asegura que hay varias empresas interesadas. No me digas, no me cuentes.<\/p>\n<p>S\u00ed, porque no sabemos exactamente qu\u00e9 se la va a ofrecer a los empresarios. \u00bfParcelas sin potencia el\u00e9ctrica suficiente? \u00bfO est\u00e1 claro qui\u00e9n va a construir la subestaci\u00f3n y con qu\u00e9 fondos? \u00bfCon una con conexi\u00f3n con el ferrocarril para garantizar la intermodalidad? Tampoco, puesto que esto depende de los fondos europeos que van cerrando el grifo. \u00bfCon la entrada en el consejo de administraci\u00f3n de la sociedad estatal Sepides? En fin, bastante tiene ahora este ente p\u00fablico con financiar la multimillonaria compra de Tel\u00e9fonica, decidida por el Gobierno de Pedro S\u00e1nchez. <strong>Como ven, son demasiados interrogantes como para anunciar a bombo y platillo que esto est\u00e1 resuelto. M\u00e1s bien, seguimos en la misma inercia que antes: a verlas venir.<\/strong> O sea, a que alguien se decida a invertir y desbloquear un proyecto que acumula una deuda de m\u00e1s de 120 millones de euros. Toda una ganga. Por tanto, los deseos no pueden en ning\u00fan caso superar a la realidad. <strong>Lo que tenemos es una ruina que se est\u00e1 intentando rescatar.<\/strong> Nada que ver con el pol\u00edgono de Bobes en Siero, al que se consigui\u00f3 dar una viabilidad. Eso de que Asturias est\u00e1 de moda tambi\u00e9n en el terreno de la inversi\u00f3n (<em>Barb\u00f3n dixit<\/em>), no es precisamente por su gesti\u00f3n en la ZALIA. No me digas\u2026<\/p>\n<p><em><strong>@balbuenajm<\/strong><\/em><\/p>\n<!-- AddThis Advanced Settings generic via filter on the_content --><!-- AddThis Share Buttons generic via filter on the_content -->","protected":false},"excerpt":{"rendered":"<p>Seg\u00fan parece, uno de los objetivos prioritarios del Principado es poner en marcha la Zona de Actividades Log\u00edsticas e Industriales de Asturias (ZALIA). Al menos, eso se desprende de la entrevista publicada en estas mismas p\u00e1ginas el domingo al presidente asturiano, Adri\u00e1n Barb\u00f3n. Dice Barb\u00f3n con su conocido optimismo que \u00abVamos a convertirnos en el [&hellip;]<!-- AddThis Advanced Settings generic via filter on get_the_excerpt --><!-- AddThis Share Buttons generic via filter on get_the_excerpt --><\/p>\n","protected":false},"author":5,"featured_media":0,"comment_status":"open","ping_status":"open","sticky":false,"template":"","format":"standard","meta":[],"categories":[1],"tags":[140,17,305,1340,117],"_links":{"self":[{"href":"https:\/\/blogs.elcomercio.es\/retorcida-realidad\/wp-json\/wp\/v2\/posts\/7572"}],"collection":[{"href":"https:\/\/blogs.elcomercio.es\/retorcida-realidad\/wp-json\/wp\/v2\/posts"}],"about":[{"href":"https:\/\/blogs.elcomercio.es\/retorcida-realidad\/wp-json\/wp\/v2\/types\/post"}],"author":[{"embeddable":true,"href":"https:\/\/blogs.elcomercio.es\/retorcida-realidad\/wp-json\/wp\/v2\/users\/5"}],"replies":[{"embeddable":true,"href":"https:\/\/blogs.elcomercio.es\/retorcida-realidad\/wp-json\/wp\/v2\/comments?post=7572"}],"version-history":[{"count":1,"href":"https:\/\/blogs.elcomercio.es\/retorcida-realidad\/wp-json\/wp\/v2\/posts\/7572\/revisions"}],"predecessor-version":[{"id":7574,"href":"https:\/\/blogs.elcomercio.es\/retorcida-realidad\/wp-json\/wp\/v2\/posts\/7572\/revisions\/7574"}],"wp:attachment":[{"href":"https:\/\/blogs.elcomercio.es\/retorcida-realidad\/wp-json\/wp\/v2\/media?parent=7572"}],"wp:term":[{"taxonomy":"category","embeddable":true,"href":"https:\/\/blogs.elcomercio.es\/retorcida-realidad\/wp-json\/wp\/v2\/categories?post=7572"},{"taxonomy":"post_tag","embeddable":true,"href":"https:\/\/blogs.elcomercio.es\/retorcida-realidad\/wp-json\/wp\/v2\/tags?post=7572"}],"curies":[{"name":"wp","href":"https:\/\/api.w.org\/{rel}","templated":true}]}}