{"id":7576,"date":"2023-12-30T07:03:14","date_gmt":"2023-12-30T06:03:14","guid":{"rendered":"https:\/\/blogs.elcomercio.es\/retorcida-realidad\/?p=7576"},"modified":"2023-12-30T07:09:59","modified_gmt":"2023-12-30T06:09:59","slug":"sobrevivire","status":"publish","type":"post","link":"https:\/\/blogs.elcomercio.es\/retorcida-realidad\/2023\/12\/30\/sobrevivire\/","title":{"rendered":"Sobrevivir\u00e9."},"content":{"rendered":"<p><a href=\"https:\/\/static-blogs.elcomercio.es\/wp-content\/uploads\/sites\/4\/2023\/12\/plazatoros-kDmE-U2101104847319MHH-1200x840@El-Comercio.jpg\"><img loading=\"lazy\" class=\"size-medium wp-image-7577 alignleft\" src=\"https:\/\/static-blogs.elcomercio.es\/wp-content\/uploads\/sites\/4\/2023\/12\/plazatoros-kDmE-U2101104847319MHH-1200x840@El-Comercio-300x210.jpg\" alt=\"\" width=\"300\" height=\"210\" srcset=\"https:\/\/static-blogs.elcomercio.es\/wp-content\/uploads\/sites\/4\/2023\/12\/plazatoros-kDmE-U2101104847319MHH-1200x840@El-Comercio-300x210.jpg 300w, https:\/\/static-blogs.elcomercio.es\/wp-content\/uploads\/sites\/4\/2023\/12\/plazatoros-kDmE-U2101104847319MHH-1200x840@El-Comercio-768x538.jpg 768w, https:\/\/static-blogs.elcomercio.es\/wp-content\/uploads\/sites\/4\/2023\/12\/plazatoros-kDmE-U2101104847319MHH-1200x840@El-Comercio-1024x717.jpg 1024w, https:\/\/static-blogs.elcomercio.es\/wp-content\/uploads\/sites\/4\/2023\/12\/plazatoros-kDmE-U2101104847319MHH-1200x840@El-Comercio.jpg 1200w\" sizes=\"(max-width: 300px) 100vw, 300px\" \/><\/a>Resulta curioso lo que ha pasado con la plaza de toros de El Bibio. En agosto de 2021 \u2013con el famoso \u00ab<em>Se acab\u00f3 la Feria de Bego\u00f1a<\/em>\u00bb de la anterior alcaldesa, <em>Ana Gonz\u00e1lez<\/em>&#8211; se esboz\u00f3 un informe sobre su estado estructural. En concreto, alertaba de hundimientos en las gradas que la hac\u00edan peligrosa para el p\u00fablico. Digo esbozar porque, en realidad, nunca hubo mucha claridad en dicho peritaje. <strong>As\u00ed y todo, estuvo cerrada durante dos a\u00f1os.<\/strong> A resultas, el coso taurino entr\u00f3 en una especie de abandono, puesto que los planes de aquel equipo de gobierno eran otros. De hecho, unas fotos publicadas en EL COMERCIO mostraban que estaba llena de maleza y sin conservaci\u00f3n alguna. <strong>Vamos, que llevaba camino de seguir la misma suerte que la de Oviedo: en ruina total.<\/strong> Sin embargo, en 2023 hemos visto como volvieron las corridas de toros, sin ninguna obra de especial relevancia. <strong>Esto es, no parece que hubiese mayor peligro para albergar espect\u00e1culos.<\/strong> Al menos, eso han dicho los informes de los t\u00e9cnicos municipales. Ahora, desde Divertia, se nos informa de que tendr\u00e1 una programaci\u00f3n de ocio entre el 4 de abril y 25 junio. Incluso nos hablan de que se cubrir\u00e1, respetando siempre que se trata de un Bien de Inter\u00e9s Cultural (BIC). Todo ello, habida cuenta de que no se consigui\u00f3 financiaci\u00f3n europea para hacer una cubierta en condiciones. Como tiene la de Le\u00f3n, por ejemplo, que combina diversas actividades con ferias taurinas.<strong> Tenemos, pues, que la centenaria plaza de El Bibio enton\u00f3 este a\u00f1o un sonoro sobrevivir\u00e9, ante el oscuro futuro que se le ven\u00eda encima.<\/strong><\/p>\n<p><em><strong>@balbuenajm<\/strong><\/em><\/p>\n<!-- AddThis Advanced Settings generic via filter on the_content --><!-- AddThis Share Buttons generic via filter on the_content -->","protected":false},"excerpt":{"rendered":"<p>Resulta curioso lo que ha pasado con la plaza de toros de El Bibio. En agosto de 2021 \u2013con el famoso \u00abSe acab\u00f3 la Feria de Bego\u00f1a\u00bb de la anterior alcaldesa, Ana Gonz\u00e1lez&#8211; se esboz\u00f3 un informe sobre su estado estructural. En concreto, alertaba de hundimientos en las gradas que la hac\u00edan peligrosa para el [&hellip;]<!-- AddThis Advanced Settings generic via filter on get_the_excerpt --><!-- AddThis Share Buttons generic via filter on get_the_excerpt --><\/p>\n","protected":false},"author":5,"featured_media":0,"comment_status":"open","ping_status":"open","sticky":false,"template":"","format":"standard","meta":[],"categories":[1],"tags":[312,1127,1126,17,1124,262],"_links":{"self":[{"href":"https:\/\/blogs.elcomercio.es\/retorcida-realidad\/wp-json\/wp\/v2\/posts\/7576"}],"collection":[{"href":"https:\/\/blogs.elcomercio.es\/retorcida-realidad\/wp-json\/wp\/v2\/posts"}],"about":[{"href":"https:\/\/blogs.elcomercio.es\/retorcida-realidad\/wp-json\/wp\/v2\/types\/post"}],"author":[{"embeddable":true,"href":"https:\/\/blogs.elcomercio.es\/retorcida-realidad\/wp-json\/wp\/v2\/users\/5"}],"replies":[{"embeddable":true,"href":"https:\/\/blogs.elcomercio.es\/retorcida-realidad\/wp-json\/wp\/v2\/comments?post=7576"}],"version-history":[{"count":1,"href":"https:\/\/blogs.elcomercio.es\/retorcida-realidad\/wp-json\/wp\/v2\/posts\/7576\/revisions"}],"predecessor-version":[{"id":7578,"href":"https:\/\/blogs.elcomercio.es\/retorcida-realidad\/wp-json\/wp\/v2\/posts\/7576\/revisions\/7578"}],"wp:attachment":[{"href":"https:\/\/blogs.elcomercio.es\/retorcida-realidad\/wp-json\/wp\/v2\/media?parent=7576"}],"wp:term":[{"taxonomy":"category","embeddable":true,"href":"https:\/\/blogs.elcomercio.es\/retorcida-realidad\/wp-json\/wp\/v2\/categories?post=7576"},{"taxonomy":"post_tag","embeddable":true,"href":"https:\/\/blogs.elcomercio.es\/retorcida-realidad\/wp-json\/wp\/v2\/tags?post=7576"}],"curies":[{"name":"wp","href":"https:\/\/api.w.org\/{rel}","templated":true}]}}