{"id":7579,"date":"2024-01-03T07:39:58","date_gmt":"2024-01-03T06:39:58","guid":{"rendered":"https:\/\/blogs.elcomercio.es\/retorcida-realidad\/?p=7579"},"modified":"2024-01-03T07:41:12","modified_gmt":"2024-01-03T06:41:12","slug":"mecanismos-de-control","status":"publish","type":"post","link":"https:\/\/blogs.elcomercio.es\/retorcida-realidad\/2024\/01\/03\/mecanismos-de-control\/","title":{"rendered":"Mecanismos de control."},"content":{"rendered":"<p><a href=\"https:\/\/static-blogs.elcomercio.es\/wp-content\/uploads\/sites\/4\/2024\/01\/90402546-1200x840.jpg\"><img loading=\"lazy\" class=\"size-medium wp-image-7580 alignleft\" src=\"https:\/\/static-blogs.elcomercio.es\/wp-content\/uploads\/sites\/4\/2024\/01\/90402546-1200x840-300x210.jpg\" alt=\"\" width=\"300\" height=\"210\" srcset=\"https:\/\/static-blogs.elcomercio.es\/wp-content\/uploads\/sites\/4\/2024\/01\/90402546-1200x840-300x210.jpg 300w, https:\/\/static-blogs.elcomercio.es\/wp-content\/uploads\/sites\/4\/2024\/01\/90402546-1200x840-768x538.jpg 768w, https:\/\/static-blogs.elcomercio.es\/wp-content\/uploads\/sites\/4\/2024\/01\/90402546-1200x840-1024x717.jpg 1024w, https:\/\/static-blogs.elcomercio.es\/wp-content\/uploads\/sites\/4\/2024\/01\/90402546-1200x840.jpg 1200w\" sizes=\"(max-width: 300px) 100vw, 300px\" \/><\/a>En la entrevista publicada el domingo en estas mismas p\u00e1ginas al consejero de Vivienda, <em>Ovidio Zapico<\/em>, no figura ni una sola vez la palabra propietario. <strong>Simplemente, no existen los due\u00f1os de pisos.<\/strong> Para la consejer\u00eda, lo importante son los arrendatarios y la pl\u00e9yade de normas que dicen van a protegerlos<strong>. La raz\u00f3n es bien sencilla: son mucho m\u00e1s sensibles al poder y sus decisiones. Esto es, se les puede controlar.<\/strong> Dependen de que el gobierno de turno saque una determina ley, aunque sea tan nefasta como la actual estatal aprobada en mayo del a\u00f1o pasado. De hecho, Zapico admite que hay un problema de oferta inmobiliaria.<strong> Gran parte de los inmuebles (hasta un 25% a nivel espa\u00f1ol) fueron retirados del mercado con la llegada de esta norma.<\/strong> Entre otras razones, porque limita y constri\u00f1e de tal manera a los arrendadores que prefieren: o bien pasarse al alquiler tur\u00edstico, o bien retirar su piso del sistema de arrendamiento tradicional.<strong> Sin embargo, digo, en la consejer\u00eda no se plantean dar incentivos para que vuelvan al alquiler de largo plazo.<\/strong> M\u00e1s bien, sus planes pasan por construir viviendas en dicho r\u00e9gimen y nos hablan de que en 2024 se iniciar\u00e1n hasta 550 nuevas. Es decir, no da ni una sola oportunidad al peque\u00f1o propietario para que aumente la oferta, porque creen que lo van a hacen ellos con el incremento de 19 millones de euros que tienen asignados en los presupuestos.<\/p>\n<p>Perm\u00edtanme que en el tema de vivienda tenga una cierta dosis de escepticismo, con lo que se dise\u00f1a desde lo p\u00fablico. <strong>S\u00ed, porque siempre suele crear un problema m\u00e1s grande del que hab\u00eda.<\/strong> Entre otras cosas, al tratar de intervenir en un sistema de mercado, creyendo que van a cuadrar oferta y demanda a su manera. <strong>Algo que resulta tremendamente tentador para la pol\u00edtica, puesto que tambi\u00e9n se captan votos.<\/strong> Somos la segunda comunidad con m\u00e1s parque de vivienda p\u00fablica -solo superada por Madrid y siendo n\u00famero uno per c\u00e1pita, o sea, por habitante- pero no parece todav\u00eda suficiente. Es m\u00e1s, aquellos que no paguen un alquiler subsidiado, tampoco tienen que preocuparse. <strong>Desde la propia consejer\u00eda ya han dado la orden de que se paralicen los desahucios. \u00a1Menudo mensaje que se manda a los inquilinos de Vipasa!<\/strong> Tenemos, pues, una legislatura donde solo habr\u00e1 palos para una parte, mientras que se fomenta que todo el mundo sea arrendatario de alguna forma. Sobre todo, repito, porque es un mecanismo de control en toda regla.<\/p>\n<p><em><strong>@balbuenajm<\/strong><\/em><\/p>\n<!-- AddThis Advanced Settings generic via filter on the_content --><!-- AddThis Share Buttons generic via filter on the_content -->","protected":false},"excerpt":{"rendered":"<p>En la entrevista publicada el domingo en estas mismas p\u00e1ginas al consejero de Vivienda, Ovidio Zapico, no figura ni una sola vez la palabra propietario. Simplemente, no existen los due\u00f1os de pisos. Para la consejer\u00eda, lo importante son los arrendatarios y la pl\u00e9yade de normas que dicen van a protegerlos. La raz\u00f3n es bien sencilla: [&hellip;]<!-- AddThis Advanced Settings generic via filter on get_the_excerpt --><!-- AddThis Share Buttons generic via filter on get_the_excerpt --><\/p>\n","protected":false},"author":5,"featured_media":0,"comment_status":"open","ping_status":"open","sticky":false,"template":"","format":"standard","meta":[],"categories":[1],"tags":[1343,1342,1284,596,1344,1341],"_links":{"self":[{"href":"https:\/\/blogs.elcomercio.es\/retorcida-realidad\/wp-json\/wp\/v2\/posts\/7579"}],"collection":[{"href":"https:\/\/blogs.elcomercio.es\/retorcida-realidad\/wp-json\/wp\/v2\/posts"}],"about":[{"href":"https:\/\/blogs.elcomercio.es\/retorcida-realidad\/wp-json\/wp\/v2\/types\/post"}],"author":[{"embeddable":true,"href":"https:\/\/blogs.elcomercio.es\/retorcida-realidad\/wp-json\/wp\/v2\/users\/5"}],"replies":[{"embeddable":true,"href":"https:\/\/blogs.elcomercio.es\/retorcida-realidad\/wp-json\/wp\/v2\/comments?post=7579"}],"version-history":[{"count":1,"href":"https:\/\/blogs.elcomercio.es\/retorcida-realidad\/wp-json\/wp\/v2\/posts\/7579\/revisions"}],"predecessor-version":[{"id":7581,"href":"https:\/\/blogs.elcomercio.es\/retorcida-realidad\/wp-json\/wp\/v2\/posts\/7579\/revisions\/7581"}],"wp:attachment":[{"href":"https:\/\/blogs.elcomercio.es\/retorcida-realidad\/wp-json\/wp\/v2\/media?parent=7579"}],"wp:term":[{"taxonomy":"category","embeddable":true,"href":"https:\/\/blogs.elcomercio.es\/retorcida-realidad\/wp-json\/wp\/v2\/categories?post=7579"},{"taxonomy":"post_tag","embeddable":true,"href":"https:\/\/blogs.elcomercio.es\/retorcida-realidad\/wp-json\/wp\/v2\/tags?post=7579"}],"curies":[{"name":"wp","href":"https:\/\/api.w.org\/{rel}","templated":true}]}}