{"id":7582,"date":"2024-01-05T06:46:35","date_gmt":"2024-01-05T05:46:35","guid":{"rendered":"https:\/\/blogs.elcomercio.es\/retorcida-realidad\/?p=7582"},"modified":"2024-01-05T06:47:22","modified_gmt":"2024-01-05T05:47:22","slug":"jorobados","status":"publish","type":"post","link":"https:\/\/blogs.elcomercio.es\/retorcida-realidad\/2024\/01\/05\/jorobados\/","title":{"rendered":"Jorobados."},"content":{"rendered":"<p><a href=\"https:\/\/static-blogs.elcomercio.es\/wp-content\/uploads\/sites\/4\/2024\/01\/reyes-gijon-U200452620990aeE-U2101145555229GdH-1200x840@El-Comercio.jpg\"><img loading=\"lazy\" class=\"size-medium wp-image-7584 alignleft\" src=\"https:\/\/static-blogs.elcomercio.es\/wp-content\/uploads\/sites\/4\/2024\/01\/reyes-gijon-U200452620990aeE-U2101145555229GdH-1200x840@El-Comercio-300x209.jpg\" alt=\"\" width=\"300\" height=\"209\" srcset=\"https:\/\/static-blogs.elcomercio.es\/wp-content\/uploads\/sites\/4\/2024\/01\/reyes-gijon-U200452620990aeE-U2101145555229GdH-1200x840@El-Comercio-300x209.jpg 300w, https:\/\/static-blogs.elcomercio.es\/wp-content\/uploads\/sites\/4\/2024\/01\/reyes-gijon-U200452620990aeE-U2101145555229GdH-1200x840@El-Comercio-768x536.jpg 768w, https:\/\/static-blogs.elcomercio.es\/wp-content\/uploads\/sites\/4\/2024\/01\/reyes-gijon-U200452620990aeE-U2101145555229GdH-1200x840@El-Comercio-1024x714.jpg 1024w, https:\/\/static-blogs.elcomercio.es\/wp-content\/uploads\/sites\/4\/2024\/01\/reyes-gijon-U200452620990aeE-U2101145555229GdH-1200x840@El-Comercio.jpg 1200w\" sizes=\"(max-width: 300px) 100vw, 300px\" \/><\/a>Hace tiempo que la cabalgata de los Reyes Magos de Oriente pas\u00f3 al terreno de la pol\u00edtica. <strong>Esto es, se mira desde la famosa polarizaci\u00f3n: o es de izquierdas, o de derechas.<\/strong> Sin ir m\u00e1s lejos, el a\u00f1o pasado se acus\u00f3 al gobierno municipal de haber organizado casi un desfile de carnaval. Oigan, con m\u00fasica roquera en directo desde una carroza. Este, en cambio, la pol\u00e9mica viene por la presencia de animales. En concreto, por unos dromedarios ya que los caballos no parece discutirlos nadie. Nuestra alcaldesa, <em>Carmen Moriy\u00f3n<\/em>, decidi\u00f3 a \u00faltima hora prescindir de su presencia en el desfile. Ojo, pese a estar contratados por un importe de 16.000 euros y quiz\u00e1 tener que pagar indemnizaciones. Dicha decisi\u00f3n la motiva en una ambigua interpretaci\u00f3n de la Ley de Bienestar Animal. Norma aprobada recientemente y que regula la participaci\u00f3n de los animales en los festejos. Seg\u00fan Moriy\u00f3n, podr\u00eda dar lugar a denuncias, tal y como se\u00f1alan desde la Secretar\u00eda General del Ayuntamiento. N<strong>o s\u00e9, lo cierto es que cada a\u00f1o, como digo, la pol\u00edtica entra cada vez m\u00e1s en la Cabalgata. D\u00eda especial para los ni\u00f1os y que nadie deber\u00eda jorobar.<\/strong> Sabemos de su inocencia, ahora bien, a este paso van a empezar a preguntar por qu\u00e9 se arma tanto l\u00edo cada cinco de enero. F\u00edjese que el portavoz municipal del PSOE, L<em>uis Manuel Fl\u00f3rez, \u201cFloro\u201d, s<\/em>e lo quiere explicar a los m\u00e1s peque\u00f1os de forma muy sencilla. <em>\u00abEntender\u00e1n\u00bb<\/em>, dice sobre la ausencia de los dromedarios, <em>\u00abque est\u00e1n cansados porque vienen desde muy lejos y les afecta el cambio clim\u00e1tico\u00bb.<\/em> <strong>S\u00ed, para ser exactos desde Cantabria.<\/strong><\/p>\n<p><em><strong>@balbuenajm<\/strong><\/em><\/p>\n<!-- AddThis Advanced Settings generic via filter on the_content --><!-- AddThis Share Buttons generic via filter on the_content -->","protected":false},"excerpt":{"rendered":"<p>Hace tiempo que la cabalgata de los Reyes Magos de Oriente pas\u00f3 al terreno de la pol\u00edtica. Esto es, se mira desde la famosa polarizaci\u00f3n: o es de izquierdas, o de derechas. Sin ir m\u00e1s lejos, el a\u00f1o pasado se acus\u00f3 al gobierno municipal de haber organizado casi un desfile de carnaval. Oigan, con m\u00fasica [&hellip;]<!-- AddThis Advanced Settings generic via filter on get_the_excerpt --><!-- AddThis Share Buttons generic via filter on get_the_excerpt --><\/p>\n","protected":false},"author":5,"featured_media":0,"comment_status":"open","ping_status":"open","sticky":false,"template":"","format":"standard","meta":[],"categories":[1],"tags":[312,1345,125,1347,17,1346],"_links":{"self":[{"href":"https:\/\/blogs.elcomercio.es\/retorcida-realidad\/wp-json\/wp\/v2\/posts\/7582"}],"collection":[{"href":"https:\/\/blogs.elcomercio.es\/retorcida-realidad\/wp-json\/wp\/v2\/posts"}],"about":[{"href":"https:\/\/blogs.elcomercio.es\/retorcida-realidad\/wp-json\/wp\/v2\/types\/post"}],"author":[{"embeddable":true,"href":"https:\/\/blogs.elcomercio.es\/retorcida-realidad\/wp-json\/wp\/v2\/users\/5"}],"replies":[{"embeddable":true,"href":"https:\/\/blogs.elcomercio.es\/retorcida-realidad\/wp-json\/wp\/v2\/comments?post=7582"}],"version-history":[{"count":1,"href":"https:\/\/blogs.elcomercio.es\/retorcida-realidad\/wp-json\/wp\/v2\/posts\/7582\/revisions"}],"predecessor-version":[{"id":7585,"href":"https:\/\/blogs.elcomercio.es\/retorcida-realidad\/wp-json\/wp\/v2\/posts\/7582\/revisions\/7585"}],"wp:attachment":[{"href":"https:\/\/blogs.elcomercio.es\/retorcida-realidad\/wp-json\/wp\/v2\/media?parent=7582"}],"wp:term":[{"taxonomy":"category","embeddable":true,"href":"https:\/\/blogs.elcomercio.es\/retorcida-realidad\/wp-json\/wp\/v2\/categories?post=7582"},{"taxonomy":"post_tag","embeddable":true,"href":"https:\/\/blogs.elcomercio.es\/retorcida-realidad\/wp-json\/wp\/v2\/tags?post=7582"}],"curies":[{"name":"wp","href":"https:\/\/api.w.org\/{rel}","templated":true}]}}