{"id":7587,"date":"2024-01-10T07:40:57","date_gmt":"2024-01-10T06:40:57","guid":{"rendered":"https:\/\/blogs.elcomercio.es\/retorcida-realidad\/?p=7587"},"modified":"2024-01-10T07:41:07","modified_gmt":"2024-01-10T06:41:07","slug":"peccata-minuta","status":"publish","type":"post","link":"https:\/\/blogs.elcomercio.es\/retorcida-realidad\/2024\/01\/10\/peccata-minuta\/","title":{"rendered":"\u00abPeccata minuta\u00bb."},"content":{"rendered":"<p><a href=\"https:\/\/static-blogs.elcomercio.es\/wp-content\/uploads\/sites\/4\/2024\/01\/gascona1-U190640349083qoG-1200x840@El-Comercio-ElComercio.jpg\"><img loading=\"lazy\" class=\"size-medium wp-image-7588 alignleft\" src=\"https:\/\/static-blogs.elcomercio.es\/wp-content\/uploads\/sites\/4\/2024\/01\/gascona1-U190640349083qoG-1200x840@El-Comercio-ElComercio-300x210.jpg\" alt=\"\" width=\"300\" height=\"210\" srcset=\"https:\/\/static-blogs.elcomercio.es\/wp-content\/uploads\/sites\/4\/2024\/01\/gascona1-U190640349083qoG-1200x840@El-Comercio-ElComercio-300x210.jpg 300w, https:\/\/static-blogs.elcomercio.es\/wp-content\/uploads\/sites\/4\/2024\/01\/gascona1-U190640349083qoG-1200x840@El-Comercio-ElComercio-768x538.jpg 768w, https:\/\/static-blogs.elcomercio.es\/wp-content\/uploads\/sites\/4\/2024\/01\/gascona1-U190640349083qoG-1200x840@El-Comercio-ElComercio-1024x717.jpg 1024w, https:\/\/static-blogs.elcomercio.es\/wp-content\/uploads\/sites\/4\/2024\/01\/gascona1-U190640349083qoG-1200x840@El-Comercio-ElComercio.jpg 1200w\" sizes=\"(max-width: 300px) 100vw, 300px\" \/><\/a>Seguramente quien le sirva hoy el caf\u00e9 no ser\u00e1 alguien de origen espa\u00f1ol. Exactamente igual que si necesita realizar una obra de mantenimiento en el hogar o que cuiden a sus personas mayores. Hablamos, pues, de la inmigraci\u00f3n. Colectivo que se ha incrementado durante el a\u00f1o pasado y que ha conseguido dos cosas. <strong>Primera, cubrir las vacantes laborales de una sociedad tan envejecida como la nuestra y segunda, ser un peque\u00f1o oasis dentro del desierto demogr\u00e1fico por el que transitamos.<\/strong> As\u00ed, durante 2023 repuntamos en poblaci\u00f3n: sobre unas 1.100 personas m\u00e1s. Seguimos teniendo una natalidad desplomada y un crecimiento vegetativo muy negativo, pero el censo creci\u00f3 gracias a los flujos migratorios. <strong>En definitiva, hemos logrado mantener el mill\u00f3n de habitantes del que preve\u00edamos bajar.<\/strong> En la actualidad, somos sobre 1.006.060 asturianos, cuando todas las proyecciones nos hac\u00edan menguar mucho m\u00e1s. Por tanto, el factor trabajo ha sido determinante a la hora de atraer gente. Algo que ya sab\u00edamos y que no es nada nuevo en Asturias. De hecho, el desarrollismo de los a\u00f1os sesenta y setenta del siglo XX, tuvo tambi\u00e9n su correspondiente boom de natalidad.<\/p>\n<p>Durante el presente mandato parlamentario se tramitar\u00e1 (o eso esperamos) la Ley de Reto Demogr\u00e1fico, aprobada en marzo del a\u00f1o pasado y que fue remitida a la Junta. <strong>Por cierto, menos mal que es un tema grave y urgente que si no\u2026<\/strong> A la vista de los datos, repito, la poblaci\u00f3n no ha esperado por ninguna norma, ni tampoco a los incentivos en forma de subsidios. <strong>Ha sido la actividad econ\u00f3mica quien ha hecho de tractor a la hora de repoblar.<\/strong> En la anterior legislatura se creo la figura del comisionado para el Reto Demogr\u00e1fico del Principado que de nada sirvi\u00f3. Es m\u00e1s, incluso se elaboraron discursos paliativos con el fin de quitarle importancia a la inminente bajada del mill\u00f3n de habitantes. <strong>Tal parec\u00eda que la dram\u00e1tica ca\u00edda poblacional deber\u00eda de darnos igual.<\/strong> Pregunto, \u00bfustedes creen que la variante de Pajares se hubiera tardado 18 a\u00f1os en inaugurar de ser 8,5 millones de habitantes como Andaluc\u00eda? Yo creo que no. <strong>Que rejuvenecer nuestro para\u00edso natural tendr\u00eda que ser algo prioritario para no caer en el vac\u00edo. O sea, que no tengamos ni siquiera poblaci\u00f3n activa suficiente como para mantener el nivel de servicios.<\/strong> A m\u00ed esto me parece fundamental. En ning\u00fan caso, \u00abpeccata minuta\u00bb, como dir\u00eda la delegada del Gobierno, Delia Losa.<\/p>\n<p><em><strong>@balbuenajm<\/strong><\/em><\/p>\n<!-- AddThis Advanced Settings generic via filter on the_content --><!-- AddThis Share Buttons generic via filter on the_content -->","protected":false},"excerpt":{"rendered":"<p>Seguramente quien le sirva hoy el caf\u00e9 no ser\u00e1 alguien de origen espa\u00f1ol. Exactamente igual que si necesita realizar una obra de mantenimiento en el hogar o que cuiden a sus personas mayores. Hablamos, pues, de la inmigraci\u00f3n. Colectivo que se ha incrementado durante el a\u00f1o pasado y que ha conseguido dos cosas. Primera, cubrir [&hellip;]<!-- AddThis Advanced Settings generic via filter on get_the_excerpt --><!-- AddThis Share Buttons generic via filter on get_the_excerpt --><\/p>\n","protected":false},"author":5,"featured_media":0,"comment_status":"open","ping_status":"open","sticky":false,"template":"","format":"standard","meta":[],"categories":[1],"tags":[5,367,1284,578,270],"_links":{"self":[{"href":"https:\/\/blogs.elcomercio.es\/retorcida-realidad\/wp-json\/wp\/v2\/posts\/7587"}],"collection":[{"href":"https:\/\/blogs.elcomercio.es\/retorcida-realidad\/wp-json\/wp\/v2\/posts"}],"about":[{"href":"https:\/\/blogs.elcomercio.es\/retorcida-realidad\/wp-json\/wp\/v2\/types\/post"}],"author":[{"embeddable":true,"href":"https:\/\/blogs.elcomercio.es\/retorcida-realidad\/wp-json\/wp\/v2\/users\/5"}],"replies":[{"embeddable":true,"href":"https:\/\/blogs.elcomercio.es\/retorcida-realidad\/wp-json\/wp\/v2\/comments?post=7587"}],"version-history":[{"count":1,"href":"https:\/\/blogs.elcomercio.es\/retorcida-realidad\/wp-json\/wp\/v2\/posts\/7587\/revisions"}],"predecessor-version":[{"id":7589,"href":"https:\/\/blogs.elcomercio.es\/retorcida-realidad\/wp-json\/wp\/v2\/posts\/7587\/revisions\/7589"}],"wp:attachment":[{"href":"https:\/\/blogs.elcomercio.es\/retorcida-realidad\/wp-json\/wp\/v2\/media?parent=7587"}],"wp:term":[{"taxonomy":"category","embeddable":true,"href":"https:\/\/blogs.elcomercio.es\/retorcida-realidad\/wp-json\/wp\/v2\/categories?post=7587"},{"taxonomy":"post_tag","embeddable":true,"href":"https:\/\/blogs.elcomercio.es\/retorcida-realidad\/wp-json\/wp\/v2\/tags?post=7587"}],"curies":[{"name":"wp","href":"https:\/\/api.w.org\/{rel}","templated":true}]}}