{"id":7590,"date":"2024-01-13T07:28:07","date_gmt":"2024-01-13T06:28:07","guid":{"rendered":"https:\/\/blogs.elcomercio.es\/retorcida-realidad\/?p=7590"},"modified":"2024-01-13T07:28:36","modified_gmt":"2024-01-13T06:28:36","slug":"viene-satan","status":"publish","type":"post","link":"https:\/\/blogs.elcomercio.es\/retorcida-realidad\/2024\/01\/13\/viene-satan\/","title":{"rendered":"\u00a1Viene Sat\u00e1n!"},"content":{"rendered":"<p><a href=\"https:\/\/static-blogs.elcomercio.es\/wp-content\/uploads\/sites\/4\/2024\/01\/90708057-1200x840.jpg\"><img loading=\"lazy\" class=\"size-medium wp-image-7591 alignleft\" src=\"https:\/\/static-blogs.elcomercio.es\/wp-content\/uploads\/sites\/4\/2024\/01\/90708057-1200x840-300x210.jpg\" alt=\"\" width=\"300\" height=\"210\" srcset=\"https:\/\/static-blogs.elcomercio.es\/wp-content\/uploads\/sites\/4\/2024\/01\/90708057-1200x840-300x210.jpg 300w, https:\/\/static-blogs.elcomercio.es\/wp-content\/uploads\/sites\/4\/2024\/01\/90708057-1200x840-768x538.jpg 768w, https:\/\/static-blogs.elcomercio.es\/wp-content\/uploads\/sites\/4\/2024\/01\/90708057-1200x840-1024x717.jpg 1024w, https:\/\/static-blogs.elcomercio.es\/wp-content\/uploads\/sites\/4\/2024\/01\/90708057-1200x840.jpg 1200w\" sizes=\"(max-width: 300px) 100vw, 300px\" \/><\/a>Esta ciudad (y Asturias en general) suele ser refractaria a la iniciativa privada. Vamos, que la rechaza de antemano.<strong> Es raro que cualquier proyecto no lleve siempre el calificativo de especulativo y da\u00f1a a lo p\u00fablico.<\/strong> T\u00f3tem intocable en nuestro para\u00edso natural. Sin ir m\u00e1s lejos, tienen el ejemplo del hospital que el grupo Quironsalud quiere levantar en el barrio de Nuevo Gij\u00f3n. Inversi\u00f3n de 55 millones de euros y que conllevar\u00e1 la creaci\u00f3n de unos 300 puestos de trabajo. Pese a ello, esta misma semana media docena de colectivos y ciudadanos privados alegaron en contra de su implantaci\u00f3n. Incluso acusan a las distintas administraciones (ojo) de que van muy r\u00e1pido en la tramitaci\u00f3n de los permisos. <strong>No s\u00e9, como si eso fuera criticable\u2026<\/strong> Pues bien, no les cuento nada cuando los <em>\u00abamigos de lo privado\u00bb<\/em> hayan le\u00eddo la noticia publicada ayer por este diario. Me refiero a que una universidad privada est\u00e1 interesada en establecer un campus en Gij\u00f3n. En concreto, la Universidad Europea -con seis centros en toda Espa\u00f1a- se plantea una posible ubicaci\u00f3n en los terrenos de la ampliaci\u00f3n del Parque Cient\u00edfico Tecnol\u00f3gico. Proyecto, digo, que de llevarse a cabo ser\u00eda redondo para la ciudad. <strong>Es m\u00e1s, nos convertir\u00eda en punteros en cuanto a la innovaci\u00f3n empresarial y universitaria en general.<\/strong> Sin embargo, ya ver\u00e1n como se escuchar\u00e1n discursos como que da\u00f1a a la ense\u00f1anza p\u00fablica, va en contra de la igualdad de oportunidades, solo vienen a ganar dinero y cosas as\u00ed. <strong>En definitiva, lo de siempre, el mismo mantra. \u00a1Cuidado, que igual viene Sat\u00e1n!<\/strong><\/p>\n<p><em><strong>@balbuenajm<\/strong><\/em><\/p>\n<!-- AddThis Advanced Settings generic via filter on the_content --><!-- AddThis Share Buttons generic via filter on the_content -->","protected":false},"excerpt":{"rendered":"<p>Esta ciudad (y Asturias en general) suele ser refractaria a la iniciativa privada. Vamos, que la rechaza de antemano. Es raro que cualquier proyecto no lleve siempre el calificativo de especulativo y da\u00f1a a lo p\u00fablico. T\u00f3tem intocable en nuestro para\u00edso natural. Sin ir m\u00e1s lejos, tienen el ejemplo del hospital que el grupo Quironsalud [&hellip;]<!-- AddThis Advanced Settings generic via filter on get_the_excerpt --><!-- AddThis Share Buttons generic via filter on get_the_excerpt --><\/p>\n","protected":false},"author":5,"featured_media":0,"comment_status":"open","ping_status":"open","sticky":false,"template":"","format":"standard","meta":[],"categories":[1],"tags":[312,17,1348,506],"_links":{"self":[{"href":"https:\/\/blogs.elcomercio.es\/retorcida-realidad\/wp-json\/wp\/v2\/posts\/7590"}],"collection":[{"href":"https:\/\/blogs.elcomercio.es\/retorcida-realidad\/wp-json\/wp\/v2\/posts"}],"about":[{"href":"https:\/\/blogs.elcomercio.es\/retorcida-realidad\/wp-json\/wp\/v2\/types\/post"}],"author":[{"embeddable":true,"href":"https:\/\/blogs.elcomercio.es\/retorcida-realidad\/wp-json\/wp\/v2\/users\/5"}],"replies":[{"embeddable":true,"href":"https:\/\/blogs.elcomercio.es\/retorcida-realidad\/wp-json\/wp\/v2\/comments?post=7590"}],"version-history":[{"count":1,"href":"https:\/\/blogs.elcomercio.es\/retorcida-realidad\/wp-json\/wp\/v2\/posts\/7590\/revisions"}],"predecessor-version":[{"id":7592,"href":"https:\/\/blogs.elcomercio.es\/retorcida-realidad\/wp-json\/wp\/v2\/posts\/7590\/revisions\/7592"}],"wp:attachment":[{"href":"https:\/\/blogs.elcomercio.es\/retorcida-realidad\/wp-json\/wp\/v2\/media?parent=7590"}],"wp:term":[{"taxonomy":"category","embeddable":true,"href":"https:\/\/blogs.elcomercio.es\/retorcida-realidad\/wp-json\/wp\/v2\/categories?post=7590"},{"taxonomy":"post_tag","embeddable":true,"href":"https:\/\/blogs.elcomercio.es\/retorcida-realidad\/wp-json\/wp\/v2\/tags?post=7590"}],"curies":[{"name":"wp","href":"https:\/\/api.w.org\/{rel}","templated":true}]}}