{"id":7593,"date":"2024-01-17T05:39:20","date_gmt":"2024-01-17T04:39:20","guid":{"rendered":"https:\/\/blogs.elcomercio.es\/retorcida-realidad\/?p=7593"},"modified":"2024-01-17T05:47:46","modified_gmt":"2024-01-17T04:47:46","slug":"basta-ya","status":"publish","type":"post","link":"https:\/\/blogs.elcomercio.es\/retorcida-realidad\/2024\/01\/17\/basta-ya\/","title":{"rendered":"\u00a1Basta ya!"},"content":{"rendered":"<p><a href=\"https:\/\/static-blogs.elcomercio.es\/wp-content\/uploads\/sites\/4\/2024\/01\/itv-asturias-kDtH-U2101263759107nlF-1200x840@El-Comercio.jpg\"><img loading=\"lazy\" class=\"size-medium wp-image-7594 alignleft\" src=\"https:\/\/static-blogs.elcomercio.es\/wp-content\/uploads\/sites\/4\/2024\/01\/itv-asturias-kDtH-U2101263759107nlF-1200x840@El-Comercio-300x210.jpg\" alt=\"\" width=\"300\" height=\"210\" srcset=\"https:\/\/static-blogs.elcomercio.es\/wp-content\/uploads\/sites\/4\/2024\/01\/itv-asturias-kDtH-U2101263759107nlF-1200x840@El-Comercio-300x210.jpg 300w, https:\/\/static-blogs.elcomercio.es\/wp-content\/uploads\/sites\/4\/2024\/01\/itv-asturias-kDtH-U2101263759107nlF-1200x840@El-Comercio-768x538.jpg 768w, https:\/\/static-blogs.elcomercio.es\/wp-content\/uploads\/sites\/4\/2024\/01\/itv-asturias-kDtH-U2101263759107nlF-1200x840@El-Comercio-1024x717.jpg 1024w, https:\/\/static-blogs.elcomercio.es\/wp-content\/uploads\/sites\/4\/2024\/01\/itv-asturias-kDtH-U2101263759107nlF-1200x840@El-Comercio.jpg 1200w\" sizes=\"(max-width: 300px) 100vw, 300px\" \/><\/a>Cualquier empresa lo sabe. Me refiero a que en este momento son m\u00e1s importantes los medios humanos que los materiales. <strong>Es decir, en que los empleados se encuentren motivados y comprometidos est\u00e1 la clave de una buena gesti\u00f3n. Algo que el Principado no est\u00e1 entendiendo en absoluto.<\/strong> Actualmente, la mayor empresa de Asturias -unos 44.000 empleos p\u00fablicos- naufraga en cuanto a recursos humanos. De hecho, todos los d\u00edas surgen conflictos. El lunes, sin ir m\u00e1s lejos, los profesores de la red p\u00fablica retomaron su protesta, sin excluir una posible convocatoria de huelga. Antes hab\u00edan sido los trabajadores de los Establecimientos Residenciales para Ancianos (ERA) que pronto volver\u00e1n a la carga. A eso tenemos que sumar los interminables paros de la Justicia y que pr\u00e1cticamente no existe servicio p\u00fablico que no se encuentre afectado. El conflicto en la Inspecci\u00f3n T\u00e9cnica de Veh\u00edculos (ITV) es un buen ejemplo. En agosto de 2022 se abri\u00f3 en Gij\u00f3n una segunda estaci\u00f3n de la ITV. La empresa p\u00fablica Inspecci\u00f3n T\u00e9cnica de Veh\u00edculos Asturias (Itvasa) dijo que era para descongestionar a la principal y bajar los tiempos de espera. Todo ello, bajo una intensa pol\u00e9mica, puesto que la ubicaci\u00f3n elegida fue la parroquia rural de Granda. Pues bien, apenas un a\u00f1o despu\u00e9s estamos bastante peor. La huelga de los trabajadores de Itvasa ha puesto al sistema en colapso. Obligando a muchos asturianos a tener que pasar su inspecci\u00f3n fuera de la regi\u00f3n. <strong>Como ven, se ha invertido en medios materiales, pero siguen fallando los humanos.<\/strong><\/p>\n<p>A esto tambi\u00e9n tenemos que sumar tambi\u00e9n el d\u00eda a d\u00eda que sufre el ciudadano\/a. De forma especial con la Sanidad. Partida que ha ido creciendo en los presupuestos de manera exponencial (2.322 millones de euros para este ejercicio, la mayor de la historia), pero a muy distinto ritmo de su calidad (con m\u00e1s listas de espera que nunca). Es m\u00e1s, los usuarios siguen quej\u00e1ndose de que no les cogen el tel\u00e9fono o que las citas para los especialistas tardan a\u00f1os en llegar.<strong> \u00bfHasta cu\u00e1ndo aguantar\u00e1 la paciencia del asturiano\/a de a pie?<\/strong> No lo sabemos, aunque intuimos que tampoco mucho m\u00e1s. La v\u00eda fiscal de nuestro para\u00edso natural les hace pagar m\u00e1s impuestos que nadie, para que luego, a la hora de la verdad, tenga toda clase de problemas. Desde una inmensa burocracia en cualquier gesti\u00f3n, hasta las malas contestaciones. <strong>Intuimos, repito, que m\u00e1s pronto que tarde se producir\u00e1 un sonoro: \u00a1basta ya!<\/strong><\/p>\n<p><em><strong>@balbuenajm<\/strong><\/em><\/p>\n<!-- AddThis Advanced Settings generic via filter on the_content --><!-- AddThis Share Buttons generic via filter on the_content -->","protected":false},"excerpt":{"rendered":"<p>Cualquier empresa lo sabe. Me refiero a que en este momento son m\u00e1s importantes los medios humanos que los materiales. Es decir, en que los empleados se encuentren motivados y comprometidos est\u00e1 la clave de una buena gesti\u00f3n. Algo que el Principado no est\u00e1 entendiendo en absoluto. Actualmente, la mayor empresa de Asturias -unos 44.000 [&hellip;]<!-- AddThis Advanced Settings generic via filter on get_the_excerpt --><!-- AddThis Share Buttons generic via filter on get_the_excerpt --><\/p>\n","protected":false},"author":5,"featured_media":0,"comment_status":"open","ping_status":"open","sticky":false,"template":"","format":"standard","meta":[],"categories":[1],"tags":[1350,285,1065,1284,1349,809],"_links":{"self":[{"href":"https:\/\/blogs.elcomercio.es\/retorcida-realidad\/wp-json\/wp\/v2\/posts\/7593"}],"collection":[{"href":"https:\/\/blogs.elcomercio.es\/retorcida-realidad\/wp-json\/wp\/v2\/posts"}],"about":[{"href":"https:\/\/blogs.elcomercio.es\/retorcida-realidad\/wp-json\/wp\/v2\/types\/post"}],"author":[{"embeddable":true,"href":"https:\/\/blogs.elcomercio.es\/retorcida-realidad\/wp-json\/wp\/v2\/users\/5"}],"replies":[{"embeddable":true,"href":"https:\/\/blogs.elcomercio.es\/retorcida-realidad\/wp-json\/wp\/v2\/comments?post=7593"}],"version-history":[{"count":1,"href":"https:\/\/blogs.elcomercio.es\/retorcida-realidad\/wp-json\/wp\/v2\/posts\/7593\/revisions"}],"predecessor-version":[{"id":7595,"href":"https:\/\/blogs.elcomercio.es\/retorcida-realidad\/wp-json\/wp\/v2\/posts\/7593\/revisions\/7595"}],"wp:attachment":[{"href":"https:\/\/blogs.elcomercio.es\/retorcida-realidad\/wp-json\/wp\/v2\/media?parent=7593"}],"wp:term":[{"taxonomy":"category","embeddable":true,"href":"https:\/\/blogs.elcomercio.es\/retorcida-realidad\/wp-json\/wp\/v2\/categories?post=7593"},{"taxonomy":"post_tag","embeddable":true,"href":"https:\/\/blogs.elcomercio.es\/retorcida-realidad\/wp-json\/wp\/v2\/tags?post=7593"}],"curies":[{"name":"wp","href":"https:\/\/api.w.org\/{rel}","templated":true}]}}