{"id":7597,"date":"2024-01-20T07:58:56","date_gmt":"2024-01-20T06:58:56","guid":{"rendered":"https:\/\/blogs.elcomercio.es\/retorcida-realidad\/?p=7597"},"modified":"2024-01-20T08:00:54","modified_gmt":"2024-01-20T07:00:54","slug":"naval-azul","status":"publish","type":"post","link":"https:\/\/blogs.elcomercio.es\/retorcida-realidad\/2024\/01\/20\/naval-azul\/","title":{"rendered":"Naval azul."},"content":{"rendered":"<p><a href=\"https:\/\/static-blogs.elcomercio.es\/wp-content\/uploads\/sites\/4\/2024\/01\/infogr-U190733422352pL-562x393@El-Comercio.jpg\"><img loading=\"lazy\" class=\"size-medium wp-image-7598 alignleft\" src=\"https:\/\/static-blogs.elcomercio.es\/wp-content\/uploads\/sites\/4\/2024\/01\/infogr-U190733422352pL-562x393@El-Comercio-300x210.jpg\" alt=\"\" width=\"300\" height=\"210\" srcset=\"https:\/\/static-blogs.elcomercio.es\/wp-content\/uploads\/sites\/4\/2024\/01\/infogr-U190733422352pL-562x393@El-Comercio-300x210.jpg 300w, https:\/\/static-blogs.elcomercio.es\/wp-content\/uploads\/sites\/4\/2024\/01\/infogr-U190733422352pL-562x393@El-Comercio.jpg 561w\" sizes=\"(max-width: 300px) 100vw, 300px\" \/><\/a>El parque Cient\u00edfico Tecnol\u00f3gico fue promovido por el Ayuntamiento en 1999 y se encuentra ubicado en los terrenos de un antiguo campo de rugby. Hoy en d\u00eda nadie duda de su rotundo \u00e9xito y que ha creado todo un ecosistema empresarial a su alrededor. Es m\u00e1s, en la actualidad estamos hablando de una ampliaci\u00f3n por la demanda existente de parcelas. El proyecto que ayer se present\u00f3, llamado Naval azul, intentar\u00e1 emular estos mismos pasos de cara a lograr id\u00e9nticos objetivos.<strong> Recuperar una zona muy degradada de la ciudad, para convertirla en un polo empresarial y de ocio urbano.<\/strong> En principio, comprando los 37.900 metros cuadrados propiedad de la Autoridad Portuaria, que se empezar\u00e1n a urbanizar hacia el 2026. Eso s\u00ed, faltar\u00eda el 40% restante en manos de Peque\u00f1os y Medianos Astilleros en Reconversi\u00f3n (PYMAR) de cara a completar la actuaci\u00f3n. <strong>Hecho tambi\u00e9n relevante puesto que El Natahoyo debe quedar libre de cicatrices.<\/strong> Desde esta columna no podemos m\u00e1s que desear que esta historia que ahora comienza sea tambi\u00e9n un \u00e9xito.<strong> O sea, que no pase a engrosar la lista de proyectos zombi -muertos y que reviven solo en las infograf\u00edas- que todav\u00eda tenemos en Gij\u00f3n.<\/strong> Piensen si no en lo que sucedi\u00f3 con la Zona de Actividades Log\u00edsticas e Industriales de Asturias (ZALIA) y que no puede repetirse jam\u00e1s. Estaremos vigilantes de los plazos y cumplimiento de los compromisos, as\u00ed como de la promoci\u00f3n correspondiente para atraer a la iniciativa privada. Nuestra alcaldesa, Carmen Moriy\u00f3n, dijo que Naval azul ya no tiene marcha atr\u00e1s. <strong>Repito: que as\u00ed sea.<\/strong><\/p>\n<p><em><strong>@balbuenajm<\/strong><\/em><\/p>\n<!-- AddThis Advanced Settings generic via filter on the_content --><!-- AddThis Share Buttons generic via filter on the_content -->","protected":false},"excerpt":{"rendered":"<p>El parque Cient\u00edfico Tecnol\u00f3gico fue promovido por el Ayuntamiento en 1999 y se encuentra ubicado en los terrenos de un antiguo campo de rugby. Hoy en d\u00eda nadie duda de su rotundo \u00e9xito y que ha creado todo un ecosistema empresarial a su alrededor. Es m\u00e1s, en la actualidad estamos hablando de una ampliaci\u00f3n por [&hellip;]<!-- AddThis Advanced Settings generic via filter on get_the_excerpt --><!-- AddThis Share Buttons generic via filter on get_the_excerpt --><\/p>\n","protected":false},"author":5,"featured_media":0,"comment_status":"open","ping_status":"open","sticky":false,"template":"","format":"standard","meta":[],"categories":[1],"tags":[312,1181,524,17,1351,19],"_links":{"self":[{"href":"https:\/\/blogs.elcomercio.es\/retorcida-realidad\/wp-json\/wp\/v2\/posts\/7597"}],"collection":[{"href":"https:\/\/blogs.elcomercio.es\/retorcida-realidad\/wp-json\/wp\/v2\/posts"}],"about":[{"href":"https:\/\/blogs.elcomercio.es\/retorcida-realidad\/wp-json\/wp\/v2\/types\/post"}],"author":[{"embeddable":true,"href":"https:\/\/blogs.elcomercio.es\/retorcida-realidad\/wp-json\/wp\/v2\/users\/5"}],"replies":[{"embeddable":true,"href":"https:\/\/blogs.elcomercio.es\/retorcida-realidad\/wp-json\/wp\/v2\/comments?post=7597"}],"version-history":[{"count":1,"href":"https:\/\/blogs.elcomercio.es\/retorcida-realidad\/wp-json\/wp\/v2\/posts\/7597\/revisions"}],"predecessor-version":[{"id":7599,"href":"https:\/\/blogs.elcomercio.es\/retorcida-realidad\/wp-json\/wp\/v2\/posts\/7597\/revisions\/7599"}],"wp:attachment":[{"href":"https:\/\/blogs.elcomercio.es\/retorcida-realidad\/wp-json\/wp\/v2\/media?parent=7597"}],"wp:term":[{"taxonomy":"category","embeddable":true,"href":"https:\/\/blogs.elcomercio.es\/retorcida-realidad\/wp-json\/wp\/v2\/categories?post=7597"},{"taxonomy":"post_tag","embeddable":true,"href":"https:\/\/blogs.elcomercio.es\/retorcida-realidad\/wp-json\/wp\/v2\/tags?post=7597"}],"curies":[{"name":"wp","href":"https:\/\/api.w.org\/{rel}","templated":true}]}}