{"id":7607,"date":"2024-01-31T07:32:58","date_gmt":"2024-01-31T06:32:58","guid":{"rendered":"https:\/\/blogs.elcomercio.es\/retorcida-realidad\/?p=7607"},"modified":"2024-01-31T07:33:26","modified_gmt":"2024-01-31T06:33:26","slug":"el-becerro-de-oro-2","status":"publish","type":"post","link":"https:\/\/blogs.elcomercio.es\/retorcida-realidad\/2024\/01\/31\/el-becerro-de-oro-2\/","title":{"rendered":"El becerro de oro."},"content":{"rendered":"<p><a href=\"https:\/\/static-blogs.elcomercio.es\/wp-content\/uploads\/sites\/4\/2024\/01\/91232765-1200x840.jpg\"><img loading=\"lazy\" class=\"size-medium wp-image-7608 alignleft\" src=\"https:\/\/static-blogs.elcomercio.es\/wp-content\/uploads\/sites\/4\/2024\/01\/91232765-1200x840-300x210.jpg\" alt=\"\" width=\"300\" height=\"210\" srcset=\"https:\/\/static-blogs.elcomercio.es\/wp-content\/uploads\/sites\/4\/2024\/01\/91232765-1200x840-300x210.jpg 300w, https:\/\/static-blogs.elcomercio.es\/wp-content\/uploads\/sites\/4\/2024\/01\/91232765-1200x840-768x538.jpg 768w, https:\/\/static-blogs.elcomercio.es\/wp-content\/uploads\/sites\/4\/2024\/01\/91232765-1200x840-1024x717.jpg 1024w, https:\/\/static-blogs.elcomercio.es\/wp-content\/uploads\/sites\/4\/2024\/01\/91232765-1200x840.jpg 1200w\" sizes=\"(max-width: 300px) 100vw, 300px\" \/><\/a>Reci\u00e9n terminada la Feria Internacional de Turismo (Fitur) en Madrid debemos extraer la siguiente conclusi\u00f3n: el sector est\u00e1 inmerso en una burbuja. <strong>Tal parece que no existiese un ma\u00f1ana.<\/strong> Es decir, que el n\u00famero de turistas va a crecer \u00abad infinitum\u00bb sin que nada lo pare. A nivel espa\u00f1ol, por ejemplo, se habla de que su contribuci\u00f3n al PIB nacional es ya del 12,8%, as\u00ed como que vamos a superar a Francia en cuanto al pa\u00eds m\u00e1s visitado del mundo. En Asturias la cosa no es para menos. Estamos en una nube. El presidente asturiano, Adri\u00e1n Barb\u00f3n, habla de alcanzar los tres millones de visitantes (y luego cuatro o cinco, quiz\u00e1), con una contribuci\u00f3n al PIB regional que superar\u00e1 con creces el 12%. Todo ello, con discursos triunfalistas como que estamos de moda, somos un refugio clim\u00e1tico o que la llegada del AVE va a traer gente a paladas. Obviando, como digo, que el fen\u00f3meno est\u00e1 sucediendo en todos los lugares de Espa\u00f1a, con especial \u00e9nfasis en la cornisa cant\u00e1brica donde todos los destinos han tenido r\u00e9cord de visitantes. Incluso nos hablan de un turismo de calidad que ha aumentado el gasto medio. <strong>L\u00f3gico, quienes visitan el para\u00edso gastan m\u00e1s porque los bienes o servicios que adquieren o consumen son m\u00e1s caros. Si le quitamos la inflaci\u00f3n, veremos que el nivel de gasto sigue similar a la \u00e9poca prepandemia.<\/strong> En definitiva, nada parece que vaya a parar a la industria tur\u00edstica que algunos creen que compensar\u00e1 a la f\u00e1brica de toda la vida. <strong>\u00a1Qu\u00e9 equivocados est\u00e1n!<\/strong><\/p>\n<p>\u00bfAcaso alguien piensa que las segundas pensiones m\u00e1s altas del pa\u00eds van a seguir as\u00ed si se tienen que pagar con los sueldos de la hosteler\u00eda? Evidentemente, no. La industria tradicional -a la que solo hacemos ponerle trabas y bajo sospecha por contaminaci\u00f3n- parece estar completamente demonizada. <strong>Preferimos que nuestras calles se llenen de terrazas a que haya m\u00e1s pol\u00edgonos industriales. O que lleguen cruceros cargados de extranjeros a ver una chimenea que solo emite vapor.<\/strong> Lo triste, repito, es que alguien crea que una deslocalizaci\u00f3n de Arcelor-Mittal puede ser compensada por el aumento de los chigres. Ojo, sin desmerecer lo que el sector contribuye al empleo, sobre todo en ciertas capas menos cualificadas. <strong>En resumen, yo enfriar\u00eda el sufl\u00e9 de Fitur. \u00bfEs el turismo el futuro de Asturias? Lo dudo.<\/strong> Lo nuestro es trabajar el acero, construir barcos o proyectos de ingenier\u00eda por el mundo. Sinceramente, estamos adorando al becerro de oro.<\/p>\n<p><em><strong>@balbuenajm<\/strong><\/em><\/p>\n<!-- AddThis Advanced Settings generic via filter on the_content --><!-- AddThis Share Buttons generic via filter on the_content -->","protected":false},"excerpt":{"rendered":"<p>Reci\u00e9n terminada la Feria Internacional de Turismo (Fitur) en Madrid debemos extraer la siguiente conclusi\u00f3n: el sector est\u00e1 inmerso en una burbuja. Tal parece que no existiese un ma\u00f1ana. Es decir, que el n\u00famero de turistas va a crecer \u00abad infinitum\u00bb sin que nada lo pare. A nivel espa\u00f1ol, por ejemplo, se habla de que [&hellip;]<!-- AddThis Advanced Settings generic via filter on get_the_excerpt --><!-- AddThis Share Buttons generic via filter on get_the_excerpt --><\/p>\n","protected":false},"author":5,"featured_media":0,"comment_status":"open","ping_status":"open","sticky":false,"template":"","format":"standard","meta":[],"categories":[1],"tags":[5,30,1355,1284,1354,1356,404],"_links":{"self":[{"href":"https:\/\/blogs.elcomercio.es\/retorcida-realidad\/wp-json\/wp\/v2\/posts\/7607"}],"collection":[{"href":"https:\/\/blogs.elcomercio.es\/retorcida-realidad\/wp-json\/wp\/v2\/posts"}],"about":[{"href":"https:\/\/blogs.elcomercio.es\/retorcida-realidad\/wp-json\/wp\/v2\/types\/post"}],"author":[{"embeddable":true,"href":"https:\/\/blogs.elcomercio.es\/retorcida-realidad\/wp-json\/wp\/v2\/users\/5"}],"replies":[{"embeddable":true,"href":"https:\/\/blogs.elcomercio.es\/retorcida-realidad\/wp-json\/wp\/v2\/comments?post=7607"}],"version-history":[{"count":1,"href":"https:\/\/blogs.elcomercio.es\/retorcida-realidad\/wp-json\/wp\/v2\/posts\/7607\/revisions"}],"predecessor-version":[{"id":7609,"href":"https:\/\/blogs.elcomercio.es\/retorcida-realidad\/wp-json\/wp\/v2\/posts\/7607\/revisions\/7609"}],"wp:attachment":[{"href":"https:\/\/blogs.elcomercio.es\/retorcida-realidad\/wp-json\/wp\/v2\/media?parent=7607"}],"wp:term":[{"taxonomy":"category","embeddable":true,"href":"https:\/\/blogs.elcomercio.es\/retorcida-realidad\/wp-json\/wp\/v2\/categories?post=7607"},{"taxonomy":"post_tag","embeddable":true,"href":"https:\/\/blogs.elcomercio.es\/retorcida-realidad\/wp-json\/wp\/v2\/tags?post=7607"}],"curies":[{"name":"wp","href":"https:\/\/api.w.org\/{rel}","templated":true}]}}