{"id":7617,"date":"2024-02-10T06:55:27","date_gmt":"2024-02-10T05:55:27","guid":{"rendered":"https:\/\/blogs.elcomercio.es\/retorcida-realidad\/?p=7617"},"modified":"2024-02-10T06:57:46","modified_gmt":"2024-02-10T05:57:46","slug":"europa-paga","status":"publish","type":"post","link":"https:\/\/blogs.elcomercio.es\/retorcida-realidad\/2024\/02\/10\/europa-paga\/","title":{"rendered":"Europa paga."},"content":{"rendered":"<p><a href=\"https:\/\/static-blogs.elcomercio.es\/wp-content\/uploads\/sites\/4\/2024\/02\/Imagen-91480320.jpg\"><img loading=\"lazy\" class=\"size-medium wp-image-7618 alignleft\" src=\"https:\/\/static-blogs.elcomercio.es\/wp-content\/uploads\/sites\/4\/2024\/02\/Imagen-91480320-300x200.jpg\" alt=\"\" width=\"300\" height=\"200\" srcset=\"https:\/\/static-blogs.elcomercio.es\/wp-content\/uploads\/sites\/4\/2024\/02\/Imagen-91480320-300x200.jpg 300w, https:\/\/static-blogs.elcomercio.es\/wp-content\/uploads\/sites\/4\/2024\/02\/Imagen-91480320-768x512.jpg 768w, https:\/\/static-blogs.elcomercio.es\/wp-content\/uploads\/sites\/4\/2024\/02\/Imagen-91480320-1024x683.jpg 1024w, https:\/\/static-blogs.elcomercio.es\/wp-content\/uploads\/sites\/4\/2024\/02\/Imagen-91480320.jpg 1374w\" sizes=\"(max-width: 300px) 100vw, 300px\" \/><\/a>Confieso mi desconcierto con el tema de los fondos europeos. Ya saben, esos que riegan las administraciones como si fuese \u00aborbayu\u00bb. <strong>De hecho, en la mayor\u00eda de los casos: o bien no saben ni qu\u00e9 hacer con ellos, o bien los proyectos presentados son de lo m\u00e1s chusco.<\/strong> En este sentido, Gij\u00f3n tiene un poco de todo. Por ejemplo, crear una zona de bajas emisiones en La Calzada, pese a que lo de una siderurgia verde est\u00e1 en el aire (nunca mejor dicho) y el vial de Jove tampoco estar\u00e1 operativo. O un intercambiador de autobuses en El Humedal que nadie pidi\u00f3 y, al final, como saben, fue rechazado por el Ayuntamiento. Pues bien, esta semana tuvimos m\u00e1s de lo mismo. Un equipo de bomberos estuvo intentando hallar la entrada al refugio antia\u00e9reo de la Guerra Civil en Bego\u00f1a. Lo hicieron a trav\u00e9s del parking subterr\u00e1neo y solo encontraron escombros. <strong>As\u00ed se lleva tres a\u00f1os tirando de la financiaci\u00f3n europea.<\/strong> En concreto, 2,8 millones de euros enmarcados en el Plan de Sostenibilidad Tur\u00edstica. No hay problema, sigamos hasta gastarlo todo. El aparcamiento disuasorio de la avenida de Portugal -5,6 millones de euros ya licitados por el Principado- solo tiene sentido por su cercan\u00eda a la futura estaci\u00f3n intermodal. Es decir, si alguien quiere dejar el coche para luego coger el tren. Nadie lo va a dejar ah\u00ed para ir al centro, puesto que dispone de otras opciones. Entonces, si no se dise\u00f1a bien, sus 486 plazas acabar\u00e1n siendo lo que tenemos en la actualidad: una especie de refugio para veh\u00edculos abonados en el Pol\u00edgono. <strong>No hay problema: Europa paga.<\/strong><\/p>\n<p><em><strong>@balbuenajm<\/strong><\/em><\/p>\n<!-- AddThis Advanced Settings generic via filter on the_content --><!-- AddThis Share Buttons generic via filter on the_content -->","protected":false},"excerpt":{"rendered":"<p>Confieso mi desconcierto con el tema de los fondos europeos. Ya saben, esos que riegan las administraciones como si fuese \u00aborbayu\u00bb. De hecho, en la mayor\u00eda de los casos: o bien no saben ni qu\u00e9 hacer con ellos, o bien los proyectos presentados son de lo m\u00e1s chusco. En este sentido, Gij\u00f3n tiene un poco [&hellip;]<!-- AddThis Advanced Settings generic via filter on get_the_excerpt --><!-- AddThis Share Buttons generic via filter on get_the_excerpt --><\/p>\n","protected":false},"author":5,"featured_media":0,"comment_status":"open","ping_status":"open","sticky":false,"template":"","format":"standard","meta":[],"categories":[1],"tags":[1360,312,669,1167,17,1234],"_links":{"self":[{"href":"https:\/\/blogs.elcomercio.es\/retorcida-realidad\/wp-json\/wp\/v2\/posts\/7617"}],"collection":[{"href":"https:\/\/blogs.elcomercio.es\/retorcida-realidad\/wp-json\/wp\/v2\/posts"}],"about":[{"href":"https:\/\/blogs.elcomercio.es\/retorcida-realidad\/wp-json\/wp\/v2\/types\/post"}],"author":[{"embeddable":true,"href":"https:\/\/blogs.elcomercio.es\/retorcida-realidad\/wp-json\/wp\/v2\/users\/5"}],"replies":[{"embeddable":true,"href":"https:\/\/blogs.elcomercio.es\/retorcida-realidad\/wp-json\/wp\/v2\/comments?post=7617"}],"version-history":[{"count":1,"href":"https:\/\/blogs.elcomercio.es\/retorcida-realidad\/wp-json\/wp\/v2\/posts\/7617\/revisions"}],"predecessor-version":[{"id":7619,"href":"https:\/\/blogs.elcomercio.es\/retorcida-realidad\/wp-json\/wp\/v2\/posts\/7617\/revisions\/7619"}],"wp:attachment":[{"href":"https:\/\/blogs.elcomercio.es\/retorcida-realidad\/wp-json\/wp\/v2\/media?parent=7617"}],"wp:term":[{"taxonomy":"category","embeddable":true,"href":"https:\/\/blogs.elcomercio.es\/retorcida-realidad\/wp-json\/wp\/v2\/categories?post=7617"},{"taxonomy":"post_tag","embeddable":true,"href":"https:\/\/blogs.elcomercio.es\/retorcida-realidad\/wp-json\/wp\/v2\/tags?post=7617"}],"curies":[{"name":"wp","href":"https:\/\/api.w.org\/{rel}","templated":true}]}}