{"id":7656,"date":"2024-03-16T07:41:03","date_gmt":"2024-03-16T06:41:03","guid":{"rendered":"https:\/\/blogs.elcomercio.es\/retorcida-realidad\/?p=7656"},"modified":"2024-03-16T07:45:12","modified_gmt":"2024-03-16T06:45:12","slug":"el-lobby-feroz","status":"publish","type":"post","link":"https:\/\/blogs.elcomercio.es\/retorcida-realidad\/2024\/03\/16\/el-lobby-feroz\/","title":{"rendered":"El \u00ablobby\u00bb feroz."},"content":{"rendered":"<p><a href=\"https:\/\/static-blogs.elcomercio.es\/wp-content\/uploads\/sites\/4\/2024\/03\/92417778.jpg\"><img loading=\"lazy\" class=\"size-medium wp-image-7657 alignleft\" src=\"https:\/\/static-blogs.elcomercio.es\/wp-content\/uploads\/sites\/4\/2024\/03\/92417778-300x200.jpg\" alt=\"\" width=\"300\" height=\"200\" srcset=\"https:\/\/static-blogs.elcomercio.es\/wp-content\/uploads\/sites\/4\/2024\/03\/92417778-300x200.jpg 300w, https:\/\/static-blogs.elcomercio.es\/wp-content\/uploads\/sites\/4\/2024\/03\/92417778-768x512.jpg 768w, https:\/\/static-blogs.elcomercio.es\/wp-content\/uploads\/sites\/4\/2024\/03\/92417778-1024x683.jpg 1024w, https:\/\/static-blogs.elcomercio.es\/wp-content\/uploads\/sites\/4\/2024\/03\/92417778.jpg 1800w\" sizes=\"(max-width: 300px) 100vw, 300px\" \/><\/a>\u00bfQui\u00e9n es el mayor grupo de presi\u00f3n en la ciudad? Vamos a analizarlo. \u00bfQuiz\u00e1 la construcci\u00f3n? Est\u00e1 claro que en su d\u00eda lo fue. Recordemos los grandes desarrollos inmobiliarios (Montevil, Nuevo Roces, etc\u00e9tera) que terminaron con el estallido de la burbuja inmobiliaria. Su pesada digesti\u00f3n durante una d\u00e9cada -junto con la falta de un Plan General de Ordenaci\u00f3n hasta el 2019- hicieron que el peso del sector decayese. <strong>Dicho de otra forma: el urbanismo ya no es el eje sobre el que pivota la pol\u00edtica municipal.<\/strong> \u00bfY la industria? Tampoco. Su contribuci\u00f3n en Gij\u00f3n ha ido disminuyendo paulatinamente. Es m\u00e1s, cualquier proyecto ahora se mira bajo factores medioambientales. <strong>O sea, que no contamine.<\/strong> Si antes se priorizaba los puestos de trabajo que pod\u00eda generar, en la actualidad lo importante es que cualquier f\u00e1brica sea limpia y no produzca emisiones. De hecho, se valora mucho m\u00e1s lo digital que la actividad manual. <strong>Entonces, \u00bfqui\u00e9n es realmente el mayor \u00ablobby\u00bb en Gij\u00f3n? Sin duda, la hosteler\u00eda.<\/strong> Su presencia en cualquier tipo de decisi\u00f3n de nuestro Ayuntamiento es constante. Ya sea para alargar las fiestas (Semana Grande m\u00e1s extensa), la peatonalizaci\u00f3n de las calles (de cara a obtener m\u00e1s espacio para las terrazas), incluso hasta que puedan tener m\u00fasica en directo (se est\u00e1 estudiando en la nueva ordenanza municipal). <strong>Por tanto, somos una ciudad donde quienes marcan la pauta son los bares, cafeter\u00edas, restaurantes, sidrer\u00edas\u2026<\/strong> Un cambio sustancial en las relaciones de poder y que les hace ser el \u00ablobby\u00bb feroz.<\/p>\n<p><em><strong>@balbuenajm<\/strong><\/em><\/p>\n<!-- AddThis Advanced Settings generic via filter on the_content --><!-- AddThis Share Buttons generic via filter on the_content -->","protected":false},"excerpt":{"rendered":"<p>\u00bfQui\u00e9n es el mayor grupo de presi\u00f3n en la ciudad? Vamos a analizarlo. \u00bfQuiz\u00e1 la construcci\u00f3n? Est\u00e1 claro que en su d\u00eda lo fue. Recordemos los grandes desarrollos inmobiliarios (Montevil, Nuevo Roces, etc\u00e9tera) que terminaron con el estallido de la burbuja inmobiliaria. Su pesada digesti\u00f3n durante una d\u00e9cada -junto con la falta de un Plan [&hellip;]<!-- AddThis Advanced Settings generic via filter on get_the_excerpt --><!-- AddThis Share Buttons generic via filter on get_the_excerpt --><\/p>\n","protected":false},"author":5,"featured_media":0,"comment_status":"open","ping_status":"open","sticky":false,"template":"","format":"standard","meta":[],"categories":[1],"tags":[312,17,890,1048,889],"_links":{"self":[{"href":"https:\/\/blogs.elcomercio.es\/retorcida-realidad\/wp-json\/wp\/v2\/posts\/7656"}],"collection":[{"href":"https:\/\/blogs.elcomercio.es\/retorcida-realidad\/wp-json\/wp\/v2\/posts"}],"about":[{"href":"https:\/\/blogs.elcomercio.es\/retorcida-realidad\/wp-json\/wp\/v2\/types\/post"}],"author":[{"embeddable":true,"href":"https:\/\/blogs.elcomercio.es\/retorcida-realidad\/wp-json\/wp\/v2\/users\/5"}],"replies":[{"embeddable":true,"href":"https:\/\/blogs.elcomercio.es\/retorcida-realidad\/wp-json\/wp\/v2\/comments?post=7656"}],"version-history":[{"count":1,"href":"https:\/\/blogs.elcomercio.es\/retorcida-realidad\/wp-json\/wp\/v2\/posts\/7656\/revisions"}],"predecessor-version":[{"id":7658,"href":"https:\/\/blogs.elcomercio.es\/retorcida-realidad\/wp-json\/wp\/v2\/posts\/7656\/revisions\/7658"}],"wp:attachment":[{"href":"https:\/\/blogs.elcomercio.es\/retorcida-realidad\/wp-json\/wp\/v2\/media?parent=7656"}],"wp:term":[{"taxonomy":"category","embeddable":true,"href":"https:\/\/blogs.elcomercio.es\/retorcida-realidad\/wp-json\/wp\/v2\/categories?post=7656"},{"taxonomy":"post_tag","embeddable":true,"href":"https:\/\/blogs.elcomercio.es\/retorcida-realidad\/wp-json\/wp\/v2\/tags?post=7656"}],"curies":[{"name":"wp","href":"https:\/\/api.w.org\/{rel}","templated":true}]}}