{"id":7659,"date":"2024-03-20T07:40:36","date_gmt":"2024-03-20T06:40:36","guid":{"rendered":"https:\/\/blogs.elcomercio.es\/retorcida-realidad\/?p=7659"},"modified":"2024-03-20T07:47:05","modified_gmt":"2024-03-20T06:47:05","slug":"tempus-fugit","status":"publish","type":"post","link":"https:\/\/blogs.elcomercio.es\/retorcida-realidad\/2024\/03\/20\/tempus-fugit\/","title":{"rendered":"\u00abTempus fugit\u00bb."},"content":{"rendered":"<p><a href=\"https:\/\/static-blogs.elcomercio.es\/wp-content\/uploads\/sites\/4\/2024\/03\/junta-reprueba-oscar-puente-RIBpOL9ysw4qKW36F1dbRDL-1200x840@El-Comercio.jpg\"><img loading=\"lazy\" class=\"size-medium wp-image-7660 alignleft\" src=\"https:\/\/static-blogs.elcomercio.es\/wp-content\/uploads\/sites\/4\/2024\/03\/junta-reprueba-oscar-puente-RIBpOL9ysw4qKW36F1dbRDL-1200x840@El-Comercio-300x210.jpg\" alt=\"\" width=\"300\" height=\"210\" srcset=\"https:\/\/static-blogs.elcomercio.es\/wp-content\/uploads\/sites\/4\/2024\/03\/junta-reprueba-oscar-puente-RIBpOL9ysw4qKW36F1dbRDL-1200x840@El-Comercio-300x210.jpg 300w, https:\/\/static-blogs.elcomercio.es\/wp-content\/uploads\/sites\/4\/2024\/03\/junta-reprueba-oscar-puente-RIBpOL9ysw4qKW36F1dbRDL-1200x840@El-Comercio-768x538.jpg 768w, https:\/\/static-blogs.elcomercio.es\/wp-content\/uploads\/sites\/4\/2024\/03\/junta-reprueba-oscar-puente-RIBpOL9ysw4qKW36F1dbRDL-1200x840@El-Comercio-1024x717.jpg 1024w, https:\/\/static-blogs.elcomercio.es\/wp-content\/uploads\/sites\/4\/2024\/03\/junta-reprueba-oscar-puente-RIBpOL9ysw4qKW36F1dbRDL-1200x840@El-Comercio.jpg 1200w\" sizes=\"(max-width: 300px) 100vw, 300px\" \/><\/a>El pleno extraordinario de la Junta General del Principado sobre las infraestructuras del Estado pod\u00eda haberse celebrado hace una d\u00e9cada. Es decir, los incumplimientos hubiesen sido los mismos, las argumentaciones similares y sus conclusiones id\u00e9nticas. Digo m\u00e1s, en algunos casos podr\u00edamos hablar incluso de veinte a\u00f1os atr\u00e1s. Es lo que llevamos esperando por la ZALIA, el vial de Jove o que se ponga en marcha el metrotr\u00e9n de Gij\u00f3n. La \u00fanica diferencia es que ya tenemos variante de Pajares construida, eso s\u00ed, sin trenes que acorten el trayecto a Madrid. De hecho, la din\u00e1mica es igual a lo ya vivido con una novedad: ahora se habla de compensaciones. <strong>Peque\u00f1as d\u00e1divas en forma de falso gratis para que veamos lo enfadado que est\u00e1 el Gobierno asturiano y demostrar que consigue algo.<\/strong> No s\u00e9, es como si a un parado -que desea fervientemente incorporarse al mercado laboral- le gratifican con un subsidio m\u00e1s largo. Al final, siempre responder\u00e1 que lo que quiere es un empleo y no vivir de las subvenciones. Dicho de otra forma: lo que de verdad necesitamos es que pueda entrar la competencia en nuestra l\u00ednea ferroviaria del AVE o que se acabe de una vez la autov\u00eda del Suroccidente. Ni m\u00e1s, ni menos.<\/p>\n<p>Por eso, las dos sesiones parlamentarias de la Junta del pasado lunes y martes tampoco ten\u00edan mucho sentido. En principio, se cre\u00f3 la Alianza de las Infraestructuras -formada por un numeroso grupo de organizaciones &#8211; para supervisar el cumplimiento y priorizar los acuerdos con el Estado. Sin embargo, el foro ha resultado completamente in\u00fatil. M\u00e1s que nada, por una sencilla raz\u00f3n: su capacidad para hacer de \u00ablobby\u00bb ante el ministerio de Transporte es nula. <strong>Lo que importa, a la hora de conseguir cosas, es que se pueda condicionar al Ejecutivo de turno. Esto es, con la aprobaci\u00f3n de unos presupuestos, acuerdos de investidura o determinadas leyes.<\/strong> No hace falta acudir al manido ejemplo de catalanes y vascos, ya que nuestros vecinos gallegos tambi\u00e9n lo practican con \u00e9xito. La autopista del Huerna sigue igual de cara, mientras que la AP-9 consigue rebajas en Galicia a cambio del voto del BNG. <strong>Por tanto, seguimos como siempre. M\u00e1s de lo mismo. Enredados en debates est\u00e9riles que solo sirven para la exhibici\u00f3n de unos y otros.<\/strong> \u00abTempus fugit\u00bb: el tiempo huye como una sombra y veinte a\u00f1os no son nada. Celebraremos otro debate dentro de ese periodo y, seguramente, veremos lo poco (o nada) que hemos avanzado.<\/p>\n<p><em><strong>@balbuenajm<\/strong><\/em><\/p>\n<!-- AddThis Advanced Settings generic via filter on the_content --><!-- AddThis Share Buttons generic via filter on the_content -->","protected":false},"excerpt":{"rendered":"<p>El pleno extraordinario de la Junta General del Principado sobre las infraestructuras del Estado pod\u00eda haberse celebrado hace una d\u00e9cada. Es decir, los incumplimientos hubiesen sido los mismos, las argumentaciones similares y sus conclusiones id\u00e9nticas. Digo m\u00e1s, en algunos casos podr\u00edamos hablar incluso de veinte a\u00f1os atr\u00e1s. Es lo que llevamos esperando por la ZALIA, [&hellip;]<!-- AddThis Advanced Settings generic via filter on get_the_excerpt --><!-- AddThis Share Buttons generic via filter on get_the_excerpt --><\/p>\n","protected":false},"author":5,"featured_media":0,"comment_status":"open","ping_status":"open","sticky":false,"template":"","format":"standard","meta":[],"categories":[1],"tags":[5,17,1372,159,1123,1373,117],"_links":{"self":[{"href":"https:\/\/blogs.elcomercio.es\/retorcida-realidad\/wp-json\/wp\/v2\/posts\/7659"}],"collection":[{"href":"https:\/\/blogs.elcomercio.es\/retorcida-realidad\/wp-json\/wp\/v2\/posts"}],"about":[{"href":"https:\/\/blogs.elcomercio.es\/retorcida-realidad\/wp-json\/wp\/v2\/types\/post"}],"author":[{"embeddable":true,"href":"https:\/\/blogs.elcomercio.es\/retorcida-realidad\/wp-json\/wp\/v2\/users\/5"}],"replies":[{"embeddable":true,"href":"https:\/\/blogs.elcomercio.es\/retorcida-realidad\/wp-json\/wp\/v2\/comments?post=7659"}],"version-history":[{"count":1,"href":"https:\/\/blogs.elcomercio.es\/retorcida-realidad\/wp-json\/wp\/v2\/posts\/7659\/revisions"}],"predecessor-version":[{"id":7661,"href":"https:\/\/blogs.elcomercio.es\/retorcida-realidad\/wp-json\/wp\/v2\/posts\/7659\/revisions\/7661"}],"wp:attachment":[{"href":"https:\/\/blogs.elcomercio.es\/retorcida-realidad\/wp-json\/wp\/v2\/media?parent=7659"}],"wp:term":[{"taxonomy":"category","embeddable":true,"href":"https:\/\/blogs.elcomercio.es\/retorcida-realidad\/wp-json\/wp\/v2\/categories?post=7659"},{"taxonomy":"post_tag","embeddable":true,"href":"https:\/\/blogs.elcomercio.es\/retorcida-realidad\/wp-json\/wp\/v2\/tags?post=7659"}],"curies":[{"name":"wp","href":"https:\/\/api.w.org\/{rel}","templated":true}]}}