{"id":7709,"date":"2024-05-04T07:47:44","date_gmt":"2024-05-04T05:47:44","guid":{"rendered":"https:\/\/blogs.elcomercio.es\/retorcida-realidad\/?p=7709"},"modified":"2024-05-04T07:56:39","modified_gmt":"2024-05-04T05:56:39","slug":"sin-ilusion","status":"publish","type":"post","link":"https:\/\/blogs.elcomercio.es\/retorcida-realidad\/2024\/05\/04\/sin-ilusion\/","title":{"rendered":"Sin ilusi\u00f3n."},"content":{"rendered":"<p><a href=\"https:\/\/static-blogs.elcomercio.es\/wp-content\/uploads\/sites\/4\/2024\/05\/VIDEO-santano-vamos-trabajar-opciones-758x424.jpg\"><img loading=\"lazy\" class=\"size-medium wp-image-7710 alignleft\" src=\"https:\/\/static-blogs.elcomercio.es\/wp-content\/uploads\/sites\/4\/2024\/05\/VIDEO-santano-vamos-trabajar-opciones-758x424-300x169.jpg\" alt=\"\" width=\"300\" height=\"169\" srcset=\"https:\/\/static-blogs.elcomercio.es\/wp-content\/uploads\/sites\/4\/2024\/05\/VIDEO-santano-vamos-trabajar-opciones-758x424-300x169.jpg 300w, https:\/\/static-blogs.elcomercio.es\/wp-content\/uploads\/sites\/4\/2024\/05\/VIDEO-santano-vamos-trabajar-opciones-758x424.jpg 754w\" sizes=\"(max-width: 300px) 100vw, 300px\" \/><\/a>Comprender\u00e1 el secretario de Estado de Transportes, <em>Jos\u00e9 Antonio Santano<\/em>, que su visita del pasado lunes no haya levantado pasiones. <strong>Entre otras cosas, porque el plan de v\u00edas ha visto pasar nueve ministros y otros tantos altos cargos en sus 22 a\u00f1os de historia, con el mismo blablabl\u00e1.<\/strong> Eso s\u00ed, durante esa eternidad solo se han firmado dos convenios, es decir, compromisos formales por parte de las administraciones intervinientes. Y para m\u00e1s inri, el \u00faltimo publicado en el BOE (2019) fue tumbado desde el propio Ayuntamiento, al cambiar de nuevo el emplazamiento desde el Museo del Ferrocarril a Moreda. <strong>Entender\u00e1 Santano, pues, que las grandilocuentes palabras y bonitas infograf\u00edas sobre el proyecto de la estaci\u00f3n intermodal no impresionen en absoluto.<\/strong> M\u00e1s bien, generan un sentimiento colectivo de escepticismo. Repito: hemos vivido esto tantas veces esto -incluso con voluminosas maquetas expuestas en la Feria de Muestras- que ya ni fu ni fa. <strong>F\u00edjense que ni siquiera se ha levantado un gran debate ciudadano sobre el dise\u00f1o, puesto que nos han robado la ilusi\u00f3n.<\/strong> A esto contribuye tambi\u00e9n, claro, lo vivido con el vial de Jove. Una obra imprescindible a punto de ser adjudicada que, de forma sorprendente y tras 30 a\u00f1os de espera, se cae. Se\u00f1or secretario, \u00a1qu\u00e9 gran oportunidad perdi\u00f3 usted de pedir perd\u00f3n a los gijoneses\/sas, aunque no fuese culpa suya! \u00a1Qu\u00e9 gran oportunidad de admitir los groseros errores y enga\u00f1ifas que nos han llevado a esta situaci\u00f3n! Sin duda, hubiese sido un buen comienzo.<\/p>\n<p><em><strong>@balbuenajm<\/strong><\/em><\/p>\n<!-- AddThis Advanced Settings generic via filter on the_content --><!-- AddThis Share Buttons generic via filter on the_content -->","protected":false},"excerpt":{"rendered":"<p>Comprender\u00e1 el secretario de Estado de Transportes, Jos\u00e9 Antonio Santano, que su visita del pasado lunes no haya levantado pasiones. Entre otras cosas, porque el plan de v\u00edas ha visto pasar nueve ministros y otros tantos altos cargos en sus 22 a\u00f1os de historia, con el mismo blablabl\u00e1. Eso s\u00ed, durante esa eternidad solo se [&hellip;]<!-- AddThis Advanced Settings generic via filter on get_the_excerpt --><!-- AddThis Share Buttons generic via filter on get_the_excerpt --><\/p>\n","protected":false},"author":5,"featured_media":0,"comment_status":"open","ping_status":"open","sticky":false,"template":"","format":"standard","meta":[],"categories":[1],"tags":[312,32,17,1123,36,1078],"_links":{"self":[{"href":"https:\/\/blogs.elcomercio.es\/retorcida-realidad\/wp-json\/wp\/v2\/posts\/7709"}],"collection":[{"href":"https:\/\/blogs.elcomercio.es\/retorcida-realidad\/wp-json\/wp\/v2\/posts"}],"about":[{"href":"https:\/\/blogs.elcomercio.es\/retorcida-realidad\/wp-json\/wp\/v2\/types\/post"}],"author":[{"embeddable":true,"href":"https:\/\/blogs.elcomercio.es\/retorcida-realidad\/wp-json\/wp\/v2\/users\/5"}],"replies":[{"embeddable":true,"href":"https:\/\/blogs.elcomercio.es\/retorcida-realidad\/wp-json\/wp\/v2\/comments?post=7709"}],"version-history":[{"count":1,"href":"https:\/\/blogs.elcomercio.es\/retorcida-realidad\/wp-json\/wp\/v2\/posts\/7709\/revisions"}],"predecessor-version":[{"id":7711,"href":"https:\/\/blogs.elcomercio.es\/retorcida-realidad\/wp-json\/wp\/v2\/posts\/7709\/revisions\/7711"}],"wp:attachment":[{"href":"https:\/\/blogs.elcomercio.es\/retorcida-realidad\/wp-json\/wp\/v2\/media?parent=7709"}],"wp:term":[{"taxonomy":"category","embeddable":true,"href":"https:\/\/blogs.elcomercio.es\/retorcida-realidad\/wp-json\/wp\/v2\/categories?post=7709"},{"taxonomy":"post_tag","embeddable":true,"href":"https:\/\/blogs.elcomercio.es\/retorcida-realidad\/wp-json\/wp\/v2\/tags?post=7709"}],"curies":[{"name":"wp","href":"https:\/\/api.w.org\/{rel}","templated":true}]}}