{"id":7716,"date":"2024-05-11T07:23:26","date_gmt":"2024-05-11T05:23:26","guid":{"rendered":"https:\/\/blogs.elcomercio.es\/retorcida-realidad\/?p=7716"},"modified":"2024-05-11T07:28:04","modified_gmt":"2024-05-11T05:28:04","slug":"l50-hundido","status":"publish","type":"post","link":"https:\/\/blogs.elcomercio.es\/retorcida-realidad\/2024\/05\/11\/l50-hundido\/","title":{"rendered":"\u00abL50\u00bb, hundido."},"content":{"rendered":"<p><strong><a href=\"https:\/\/static-blogs.elcomercio.es\/wp-content\/uploads\/sites\/4\/2024\/05\/94267822.jpg\"><img loading=\"lazy\" class=\"size-medium wp-image-7717 alignleft\" src=\"https:\/\/static-blogs.elcomercio.es\/wp-content\/uploads\/sites\/4\/2024\/05\/94267822-300x200.jpg\" alt=\"\" width=\"300\" height=\"200\" srcset=\"https:\/\/static-blogs.elcomercio.es\/wp-content\/uploads\/sites\/4\/2024\/05\/94267822-300x200.jpg 300w, https:\/\/static-blogs.elcomercio.es\/wp-content\/uploads\/sites\/4\/2024\/05\/94267822-768x512.jpg 768w, https:\/\/static-blogs.elcomercio.es\/wp-content\/uploads\/sites\/4\/2024\/05\/94267822-1024x682.jpg 1024w, https:\/\/static-blogs.elcomercio.es\/wp-content\/uploads\/sites\/4\/2024\/05\/94267822.jpg 1400w\" sizes=\"(max-width: 300px) 100vw, 300px\" \/><\/a>La soluci\u00f3n al problema del alquiler pasa por aumentar la oferta. No queda otra.<\/strong> Las distintas administraciones (local, auton\u00f3mica y estatal) siempre caen en la tentaci\u00f3n de creer que pueden suplir al mercado. Nada m\u00e1s equivocado. La consejer\u00eda de Vivienda asturiana viene anunciando a bombo y platillo una actuaci\u00f3n sobre el solar de la antigua Escuela de Peritos: 250 pisos en r\u00e9gimen de arrendamiento para j\u00f3venes. Proyecto que lleva dando vueltas desde la anterior legislatura y todav\u00eda sigue sin mover un ladrillo. En solo un a\u00f1o de vigencia, la nueva Ley de Vivienda ha expulsado (a patadas, dir\u00eda yo) a los arrendadores de cualquier condici\u00f3n. Grandes, medianos o peque\u00f1os. Medidas como fijar precios m\u00e1ximos o esa dificultad para recuperar la propiedad en caso de impago, han llevado a un trasvase o retirada masiva de la oferta. En concreto, hacia el arrendamiento de temporada o tur\u00edstico que no tienen esos f\u00e9rreos cors\u00e9s impuestos por esta norma intervencionista. Ahora, resulta que una experiencia pionera para la iniciativa privada en Nuevo Roces se hunde. El edificio \u00abL50\u00bb concebido para el \u00abbuild to rent\u00bb (construcci\u00f3n para destinar al alquiler) se acabar\u00e1 vendiendo como de protecci\u00f3n auton\u00f3mica. Todo ello, puesto que la promotora, seg\u00fan su versi\u00f3n, no recibir\u00e1 unas presuntas ayudas. F\u00edjense c\u00f3mo estar\u00e1 la cosa que hab\u00eda recibido 30.000 solicitudes para 103 pisos. <strong>Conclusi\u00f3n: quien dice tener la soluci\u00f3n para el acceso a la vivienda, muchas veces es su principal problema.<\/strong><\/p>\n<p><em><strong>@balbuenajm<\/strong><\/em><\/p>\n<!-- AddThis Advanced Settings generic via filter on the_content --><!-- AddThis Share Buttons generic via filter on the_content -->","protected":false},"excerpt":{"rendered":"<p>La soluci\u00f3n al problema del alquiler pasa por aumentar la oferta. No queda otra. Las distintas administraciones (local, auton\u00f3mica y estatal) siempre caen en la tentaci\u00f3n de creer que pueden suplir al mercado. Nada m\u00e1s equivocado. La consejer\u00eda de Vivienda asturiana viene anunciando a bombo y platillo una actuaci\u00f3n sobre el solar de la antigua [&hellip;]<!-- AddThis Advanced Settings generic via filter on get_the_excerpt --><!-- AddThis Share Buttons generic via filter on get_the_excerpt --><\/p>\n","protected":false},"author":5,"featured_media":0,"comment_status":"open","ping_status":"open","sticky":false,"template":"","format":"standard","meta":[],"categories":[1],"tags":[277,1253,1342,305,1344,486],"_links":{"self":[{"href":"https:\/\/blogs.elcomercio.es\/retorcida-realidad\/wp-json\/wp\/v2\/posts\/7716"}],"collection":[{"href":"https:\/\/blogs.elcomercio.es\/retorcida-realidad\/wp-json\/wp\/v2\/posts"}],"about":[{"href":"https:\/\/blogs.elcomercio.es\/retorcida-realidad\/wp-json\/wp\/v2\/types\/post"}],"author":[{"embeddable":true,"href":"https:\/\/blogs.elcomercio.es\/retorcida-realidad\/wp-json\/wp\/v2\/users\/5"}],"replies":[{"embeddable":true,"href":"https:\/\/blogs.elcomercio.es\/retorcida-realidad\/wp-json\/wp\/v2\/comments?post=7716"}],"version-history":[{"count":1,"href":"https:\/\/blogs.elcomercio.es\/retorcida-realidad\/wp-json\/wp\/v2\/posts\/7716\/revisions"}],"predecessor-version":[{"id":7718,"href":"https:\/\/blogs.elcomercio.es\/retorcida-realidad\/wp-json\/wp\/v2\/posts\/7716\/revisions\/7718"}],"wp:attachment":[{"href":"https:\/\/blogs.elcomercio.es\/retorcida-realidad\/wp-json\/wp\/v2\/media?parent=7716"}],"wp:term":[{"taxonomy":"category","embeddable":true,"href":"https:\/\/blogs.elcomercio.es\/retorcida-realidad\/wp-json\/wp\/v2\/categories?post=7716"},{"taxonomy":"post_tag","embeddable":true,"href":"https:\/\/blogs.elcomercio.es\/retorcida-realidad\/wp-json\/wp\/v2\/tags?post=7716"}],"curies":[{"name":"wp","href":"https:\/\/api.w.org\/{rel}","templated":true}]}}