{"id":7780,"date":"2024-07-13T07:02:01","date_gmt":"2024-07-13T05:02:01","guid":{"rendered":"https:\/\/blogs.elcomercio.es\/retorcida-realidad\/?p=7780"},"modified":"2024-07-13T07:05:19","modified_gmt":"2024-07-13T05:05:19","slug":"la-cultura-prometida","status":"publish","type":"post","link":"https:\/\/blogs.elcomercio.es\/retorcida-realidad\/2024\/07\/13\/la-cultura-prometida\/","title":{"rendered":"La cultura prometida."},"content":{"rendered":"<p><a href=\"https:\/\/static-blogs.elcomercio.es\/wp-content\/uploads\/sites\/4\/2024\/07\/tabacalera-5.jpg\"><img loading=\"lazy\" class=\"size-medium wp-image-7781 alignleft\" src=\"https:\/\/static-blogs.elcomercio.es\/wp-content\/uploads\/sites\/4\/2024\/07\/tabacalera-5-300x158.jpg\" alt=\"\" width=\"300\" height=\"158\" srcset=\"https:\/\/static-blogs.elcomercio.es\/wp-content\/uploads\/sites\/4\/2024\/07\/tabacalera-5-300x158.jpg 300w, https:\/\/static-blogs.elcomercio.es\/wp-content\/uploads\/sites\/4\/2024\/07\/tabacalera-5-768x404.jpg 768w, https:\/\/static-blogs.elcomercio.es\/wp-content\/uploads\/sites\/4\/2024\/07\/tabacalera-5-1024x539.jpg 1024w, https:\/\/static-blogs.elcomercio.es\/wp-content\/uploads\/sites\/4\/2024\/07\/tabacalera-5.jpg 1080w\" sizes=\"(max-width: 300px) 100vw, 300px\" \/><\/a>No est\u00e1 resultando un camino f\u00e1cil. Recordemos que la primera fase de consolidaci\u00f3n de la estructura del edificio de la Tabacalera comenz\u00f3 2016, d\u00e1ndose por concluida la rehabilitaci\u00f3n exterior en 2020. Por el medio, obras que tropezaban con restos arquitect\u00f3nicos, contratiempos presupuestarios y que no acab\u00e1bamos de tener un plan de usos definido. A la postre, escuchamos ideas chuscas como que tan noble inmueble se destinase a ser sede de las charangas del Antroxu xixon\u00e9s, talleres de no s\u00e9 qu\u00e9 y cosas as\u00ed. F\u00edjense qu\u00e9 a nuestra actual alcaldesa, <em>Carmen Moriy\u00f3n,<\/em> le ha dado tiempo a iniciar la actuaci\u00f3n en su segundo mandato, dejar una legislatura por el medio (2019-2023) y, al final, si se cumplen las previsiones expuestas en la presentaci\u00f3n de ayer, acabarla a mediados de 2027, muy cerca de los comicios municipales.<strong> Habr\u00e1n pasado, pues, 11 a\u00f1os desde que comenz\u00f3 el sue\u00f1o de dotar a Cimavilla de un equipamiento revolucionario.<\/strong> S\u00ed, porque Centro de Arte Tabacalera aspira a ser algo m\u00e1s que un museo. Pretende tener esa fuerza tractora de los grandes espacios culturales que tanto atrae a los visitantes. Hablamos del Guggenheim de Bilbao, Centro Bot\u00edn de Santander, etc\u00e9tera. Un plan, sin duda, ambicioso y al que todav\u00eda le queda bastante camino por recorrer. Esta es la historia, hasta ahora, de la llamada \u00abv\u00eda gijonesa\u00bb para convertir la ciudad en un referente a nivel nacional.<strong> La b\u00fasqueda, en definitiva, de la cultura prometida -entendida como un nuevo modelo- que se est\u00e1 haciendo muy larga.<\/strong><\/p>\n<p><em><strong>@balbuenajm<\/strong><\/em><\/p>\n<!-- AddThis Advanced Settings generic via filter on the_content --><!-- AddThis Share Buttons generic via filter on the_content -->","protected":false},"excerpt":{"rendered":"<p>No est\u00e1 resultando un camino f\u00e1cil. Recordemos que la primera fase de consolidaci\u00f3n de la estructura del edificio de la Tabacalera comenz\u00f3 2016, d\u00e1ndose por concluida la rehabilitaci\u00f3n exterior en 2020. Por el medio, obras que tropezaban con restos arquitect\u00f3nicos, contratiempos presupuestarios y que no acab\u00e1bamos de tener un plan de usos definido. A la [&hellip;]<!-- AddThis Advanced Settings generic via filter on get_the_excerpt --><!-- AddThis Share Buttons generic via filter on get_the_excerpt --><\/p>\n","protected":false},"author":5,"featured_media":0,"comment_status":"open","ping_status":"open","sticky":false,"template":"","format":"standard","meta":[],"categories":[1],"tags":[312,303,87,1404,17,93],"_links":{"self":[{"href":"https:\/\/blogs.elcomercio.es\/retorcida-realidad\/wp-json\/wp\/v2\/posts\/7780"}],"collection":[{"href":"https:\/\/blogs.elcomercio.es\/retorcida-realidad\/wp-json\/wp\/v2\/posts"}],"about":[{"href":"https:\/\/blogs.elcomercio.es\/retorcida-realidad\/wp-json\/wp\/v2\/types\/post"}],"author":[{"embeddable":true,"href":"https:\/\/blogs.elcomercio.es\/retorcida-realidad\/wp-json\/wp\/v2\/users\/5"}],"replies":[{"embeddable":true,"href":"https:\/\/blogs.elcomercio.es\/retorcida-realidad\/wp-json\/wp\/v2\/comments?post=7780"}],"version-history":[{"count":1,"href":"https:\/\/blogs.elcomercio.es\/retorcida-realidad\/wp-json\/wp\/v2\/posts\/7780\/revisions"}],"predecessor-version":[{"id":7782,"href":"https:\/\/blogs.elcomercio.es\/retorcida-realidad\/wp-json\/wp\/v2\/posts\/7780\/revisions\/7782"}],"wp:attachment":[{"href":"https:\/\/blogs.elcomercio.es\/retorcida-realidad\/wp-json\/wp\/v2\/media?parent=7780"}],"wp:term":[{"taxonomy":"category","embeddable":true,"href":"https:\/\/blogs.elcomercio.es\/retorcida-realidad\/wp-json\/wp\/v2\/categories?post=7780"},{"taxonomy":"post_tag","embeddable":true,"href":"https:\/\/blogs.elcomercio.es\/retorcida-realidad\/wp-json\/wp\/v2\/tags?post=7780"}],"curies":[{"name":"wp","href":"https:\/\/api.w.org\/{rel}","templated":true}]}}