{"id":7783,"date":"2024-07-17T07:51:00","date_gmt":"2024-07-17T05:51:00","guid":{"rendered":"https:\/\/blogs.elcomercio.es\/retorcida-realidad\/?p=7783"},"modified":"2024-07-17T07:51:47","modified_gmt":"2024-07-17T05:51:47","slug":"el-trampantojo","status":"publish","type":"post","link":"https:\/\/blogs.elcomercio.es\/retorcida-realidad\/2024\/07\/17\/el-trampantojo\/","title":{"rendered":"El trampantojo."},"content":{"rendered":"<p><a href=\"https:\/\/static-blogs.elcomercio.es\/wp-content\/uploads\/sites\/4\/2024\/07\/95019914-kYyD-1200x840@El-Comercio.jpg\"><img loading=\"lazy\" class=\"size-medium wp-image-7784 alignleft\" src=\"https:\/\/static-blogs.elcomercio.es\/wp-content\/uploads\/sites\/4\/2024\/07\/95019914-kYyD-1200x840@El-Comercio-300x210.jpg\" alt=\"\" width=\"300\" height=\"210\" srcset=\"https:\/\/static-blogs.elcomercio.es\/wp-content\/uploads\/sites\/4\/2024\/07\/95019914-kYyD-1200x840@El-Comercio-300x210.jpg 300w, https:\/\/static-blogs.elcomercio.es\/wp-content\/uploads\/sites\/4\/2024\/07\/95019914-kYyD-1200x840@El-Comercio-768x538.jpg 768w, https:\/\/static-blogs.elcomercio.es\/wp-content\/uploads\/sites\/4\/2024\/07\/95019914-kYyD-1200x840@El-Comercio-1024x717.jpg 1024w, https:\/\/static-blogs.elcomercio.es\/wp-content\/uploads\/sites\/4\/2024\/07\/95019914-kYyD-1200x840@El-Comercio.jpg 1200w\" sizes=\"(max-width: 300px) 100vw, 300px\" \/><\/a>Digamos que la supresi\u00f3n del peaje de la autopista del Huerna (AP-66) es un cl\u00e1sico. La t\u00edpica reivindicaci\u00f3n que sale a la palestra una legislatura tras otra. El mayor agravio comparativo -ahora que ya tenemos la variante de Pajares- en materia de comunicaciones. Lo que genera inagotables debates en la Junta del Principado que siempre acaban dando vueltas en c\u00edrculo como una noria. En junio, la Comisi\u00f3n Europea concluy\u00f3 que el Gobierno de <em>Jos\u00e9 Mar\u00eda Aznar<\/em> aprob\u00f3 en el a\u00f1o 2000 una pr\u00f3rroga en la concesi\u00f3n de la AP-66 hasta 2050, para recaudar m\u00e1s con objeto de su posterior privatizaci\u00f3n. A la postre, todo un tir\u00f3n de orejas por haber hecho las cosas de manera irregular. Algo que se interpret\u00f3 desde el Principado como ilegal, pero que no lo ve as\u00ed el Ministerio de Transportes. De hecho, en la entrevista en estas mismas p\u00e1ginas al secretario de Estado, <em>Jos\u00e9 Antonio Santano<\/em>, lo dijo bien claro: no contemplan en absoluto su eliminaci\u00f3n y tiemblan ante la posibilidad de que Bruselas lo declare ilegal. <strong>Yo dir\u00eda incluso que rezan para que no se produzca.<\/strong><\/p>\n<p>En efecto, el Ministerio no tiene ning\u00fan plan para rescatar la autopista del Huerna. Lo ha dicho <em>Santano<\/em> y su propio jefe, el ministro y follonero mayor del reino, <em>Oscar Puente<\/em>. Es m\u00e1s, ni siquiera tienen analizado ese escenario y se dedican a aplicarnos cuidados paliativos como compensaci\u00f3n. O sea, unas bonificaciones que llegar\u00e1n a finales de este a\u00f1o o principios del que viene, sin saber muy bien a qu\u00e9 se debe el retraso en su aplicaci\u00f3n<strong>. Es decir, por qu\u00e9 no podemos aprovecharlas durante la temporada estival.<\/strong> Entonces, \u00bfde qu\u00e9 hablamos cu\u00e1ndo pedimos en Asturias no pagar el peaje m\u00e1s caro por kil\u00f3metro de Espa\u00f1a? De nada, puesto que es una reivindicaci\u00f3n muerta. Solo sirve como arma arrojadiza para que el PSOE eche la culpa al PP de la pr\u00f3rroga en la concesi\u00f3n. <strong>Un trampantojo (enga\u00f1o a la vista) donde parece que se quiere revertir esta situaci\u00f3n sin que se tenga previsto.<\/strong> En Madrid no quieren pagar ese multimillonario rescate a la concesionaria y no han movido un dedo. Ojo, ni tampoco piensan hacerlo. Por eso, cuando el consejero de Fomento del Principado, <em>Alejandro Calvo<\/em>, habl\u00f3 el pasado s\u00e1bado durante la inauguraci\u00f3n del tren tur\u00edstico de Pajares, de que <em>\u00abvan a seguir trabajando\u00bb<\/em> para eliminar el peaje, no sabemos muy bien a qu\u00e9 se refiere.<\/p>\n<p><em><strong>@balbuenajm<\/strong><\/em><\/p>\n<!-- AddThis Advanced Settings generic via filter on the_content --><!-- AddThis Share Buttons generic via filter on the_content -->","protected":false},"excerpt":{"rendered":"<p>Digamos que la supresi\u00f3n del peaje de la autopista del Huerna (AP-66) es un cl\u00e1sico. La t\u00edpica reivindicaci\u00f3n que sale a la palestra una legislatura tras otra. El mayor agravio comparativo -ahora que ya tenemos la variante de Pajares- en materia de comunicaciones. Lo que genera inagotables debates en la Junta del Principado que siempre [&hellip;]<!-- AddThis Advanced Settings generic via filter on get_the_excerpt --><!-- AddThis Share Buttons generic via filter on get_the_excerpt --><\/p>\n","protected":false},"author":5,"featured_media":0,"comment_status":"open","ping_status":"open","sticky":false,"template":"","format":"standard","meta":[],"categories":[1],"tags":[5,1284,1123,1405,305],"_links":{"self":[{"href":"https:\/\/blogs.elcomercio.es\/retorcida-realidad\/wp-json\/wp\/v2\/posts\/7783"}],"collection":[{"href":"https:\/\/blogs.elcomercio.es\/retorcida-realidad\/wp-json\/wp\/v2\/posts"}],"about":[{"href":"https:\/\/blogs.elcomercio.es\/retorcida-realidad\/wp-json\/wp\/v2\/types\/post"}],"author":[{"embeddable":true,"href":"https:\/\/blogs.elcomercio.es\/retorcida-realidad\/wp-json\/wp\/v2\/users\/5"}],"replies":[{"embeddable":true,"href":"https:\/\/blogs.elcomercio.es\/retorcida-realidad\/wp-json\/wp\/v2\/comments?post=7783"}],"version-history":[{"count":1,"href":"https:\/\/blogs.elcomercio.es\/retorcida-realidad\/wp-json\/wp\/v2\/posts\/7783\/revisions"}],"predecessor-version":[{"id":7785,"href":"https:\/\/blogs.elcomercio.es\/retorcida-realidad\/wp-json\/wp\/v2\/posts\/7783\/revisions\/7785"}],"wp:attachment":[{"href":"https:\/\/blogs.elcomercio.es\/retorcida-realidad\/wp-json\/wp\/v2\/media?parent=7783"}],"wp:term":[{"taxonomy":"category","embeddable":true,"href":"https:\/\/blogs.elcomercio.es\/retorcida-realidad\/wp-json\/wp\/v2\/categories?post=7783"},{"taxonomy":"post_tag","embeddable":true,"href":"https:\/\/blogs.elcomercio.es\/retorcida-realidad\/wp-json\/wp\/v2\/tags?post=7783"}],"curies":[{"name":"wp","href":"https:\/\/api.w.org\/{rel}","templated":true}]}}