{"id":78,"date":"2007-12-25T11:46:17","date_gmt":"2007-12-25T11:46:17","guid":{"rendered":"http:\/\/blogs.elcomercio.es\/retorcida-realidad\/?p=78"},"modified":"2007-12-25T11:46:17","modified_gmt":"2007-12-25T11:46:17","slug":"cosas-hay-escuchar","status":"publish","type":"post","link":"https:\/\/blogs.elcomercio.es\/retorcida-realidad\/2007\/12\/25\/cosas-hay-escuchar\/","title":{"rendered":"Cosas que hay que escuchar."},"content":{"rendered":"<p><big>Primera. All\u00e1 cada uno con sus obsesiones. Si las mismas no le dejan vivir o las quiere imprimir en cada una de sus acciones, es cosa suya. Ahora bien, cuando estamos hablando de un personaje p\u00fablico -m\u00e1s en concreto, un pol\u00edtico relevante- hay que saber medirlas y, por tanto, no proyectarlas con descaro. F\u00edjense lo que dec\u00eda el secretario de libertades p\u00fablicas del PP, Ignacio Astarloa, a tenor de asalto y brutal paliza que recibi\u00f3 en su domicilio el productor televisivo, Jos\u00e9 Luis Moreno: \u00abCuando uno dedica el Ministerio del Interior a volcar todos sus esfuerzos en dialogar con delincuentes (en referencia a ETA), uno hace dejaci\u00f3n de responsabilidades para impedir que el crimen se imponga sobre la seguridad\u00bb. O sea, que la pol\u00edtica antiterrorista del Gobierno (en resumidas cuentas: la infausta negociaci\u00f3n) tiene la culpa del robo con violencia en el chalet del padre del mu\u00f1eco &#8220;Moren\u00edn&#8221;. \u00a1Vaya desvar\u00edo!<\/p>\n<p>Segunda. Los municipios asturianos de la Comarca de la Sidra no hablan de otra cosa que de el plan propuesto desde la Fundaci\u00f3n de Turismo. Seg\u00fan sus responsables, dichos concejos, a la postre, Nava, Villaviciosa, Colunga, Sariego, Bimenes y Cabranes; son perfectos destinos vacacionales para gays, lesbianas y transexuales. Bien, he de decir que repudio todos estos inventos porque se alejan totalmente de que lo debe ser el comportamiento correcto hacia la homosexualidad: la integraci\u00f3n. No veo por qu\u00e9 un gay tiene que tener un destino especial al resto, o quiz\u00e1 beber un tipo de sidra diferente, o utilizar establecimientos (o sea, sidrer\u00edas) dedicados exclusivamente para dicho colectivo. Me parece un error y completamente absurdo. Por otra parte, que los mandamases de la susodicha fundaci\u00f3n se estrujen un poco m\u00e1s las neuronas porque, la verdad, el invento es un poco rocambolesco y a todas luces innecesario.<\/p>\n<p>Y tercera. No quiero dejar pasar esta oportunidad de desear  una feliz Navidad a todos los amigos y amigas de &#8220;Retorcida Realidad&#8221;. De coraz\u00f3n, felices fiestas y gracias por su participaci\u00f3n.<\/big><\/p>\n<!-- AddThis Advanced Settings generic via filter on the_content --><!-- AddThis Share Buttons generic via filter on the_content -->","protected":false},"excerpt":{"rendered":"<p>Primera. All\u00e1 cada uno con sus obsesiones. Si las mismas no le dejan vivir o las quiere imprimir en cada una de sus acciones, es cosa suya. Ahora bien, cuando estamos hablando de un personaje p\u00fablico -m\u00e1s en concreto, un pol\u00edtico relevante- hay que saber medirlas y, por tanto, no proyectarlas con descaro. F\u00edjense lo [&hellip;]<!-- AddThis Advanced Settings generic via filter on get_the_excerpt --><!-- AddThis Share Buttons generic via filter on get_the_excerpt --><\/p>\n","protected":false},"author":5,"featured_media":0,"comment_status":"open","ping_status":"closed","sticky":false,"template":"","format":"standard","meta":[],"categories":[2],"tags":[],"_links":{"self":[{"href":"https:\/\/blogs.elcomercio.es\/retorcida-realidad\/wp-json\/wp\/v2\/posts\/78"}],"collection":[{"href":"https:\/\/blogs.elcomercio.es\/retorcida-realidad\/wp-json\/wp\/v2\/posts"}],"about":[{"href":"https:\/\/blogs.elcomercio.es\/retorcida-realidad\/wp-json\/wp\/v2\/types\/post"}],"author":[{"embeddable":true,"href":"https:\/\/blogs.elcomercio.es\/retorcida-realidad\/wp-json\/wp\/v2\/users\/5"}],"replies":[{"embeddable":true,"href":"https:\/\/blogs.elcomercio.es\/retorcida-realidad\/wp-json\/wp\/v2\/comments?post=78"}],"version-history":[{"count":0,"href":"https:\/\/blogs.elcomercio.es\/retorcida-realidad\/wp-json\/wp\/v2\/posts\/78\/revisions"}],"wp:attachment":[{"href":"https:\/\/blogs.elcomercio.es\/retorcida-realidad\/wp-json\/wp\/v2\/media?parent=78"}],"wp:term":[{"taxonomy":"category","embeddable":true,"href":"https:\/\/blogs.elcomercio.es\/retorcida-realidad\/wp-json\/wp\/v2\/categories?post=78"},{"taxonomy":"post_tag","embeddable":true,"href":"https:\/\/blogs.elcomercio.es\/retorcida-realidad\/wp-json\/wp\/v2\/tags?post=78"}],"curies":[{"name":"wp","href":"https:\/\/api.w.org\/{rel}","templated":true}]}}