{"id":7810,"date":"2024-08-14T07:09:40","date_gmt":"2024-08-14T05:09:40","guid":{"rendered":"https:\/\/blogs.elcomercio.es\/retorcida-realidad\/?p=7810"},"modified":"2024-08-14T07:10:33","modified_gmt":"2024-08-14T05:10:33","slug":"desgraciada-normalidad","status":"publish","type":"post","link":"https:\/\/blogs.elcomercio.es\/retorcida-realidad\/2024\/08\/14\/desgraciada-normalidad\/","title":{"rendered":"Desgraciada normalidad."},"content":{"rendered":"<p><a href=\"https:\/\/static-blogs.elcomercio.es\/wp-content\/uploads\/sites\/4\/2024\/08\/trafico2.jpeg\"><img loading=\"lazy\" class=\"size-medium wp-image-7811 alignleft\" src=\"https:\/\/static-blogs.elcomercio.es\/wp-content\/uploads\/sites\/4\/2024\/08\/trafico2-300x169.jpeg\" alt=\"\" width=\"300\" height=\"169\" srcset=\"https:\/\/static-blogs.elcomercio.es\/wp-content\/uploads\/sites\/4\/2024\/08\/trafico2-300x169.jpeg 300w, https:\/\/static-blogs.elcomercio.es\/wp-content\/uploads\/sites\/4\/2024\/08\/trafico2-768x432.jpeg 768w, https:\/\/static-blogs.elcomercio.es\/wp-content\/uploads\/sites\/4\/2024\/08\/trafico2.jpeg 853w\" sizes=\"(max-width: 300px) 100vw, 300px\" \/><\/a>La verdad, no s\u00e9 por qu\u00e9 se ha armado tanto revuelo por la situaci\u00f3n vivida el pasado fin de semana. Ya saben, autov\u00edas reventadas de coches en direcci\u00f3n a las playas, arenales abarrotados, retornos eternos, retenciones kilom\u00e9tricas y desesperaci\u00f3n general. En definitiva, lo que sucede cada verano en las zonas de costa asturianas. <strong>Al menos, durante el presente mes vacacional -siempre que el tiempo acompa\u00f1e, claro- sufrimos varios colapsos de este tipo.<\/strong> En oriente, por ejemplo, a la altura del t\u00fanel de Villaviciosa la A-8 se satura, pese a que cortan uno de sus tres carriles, las playas ponen el cartel de completo y las polic\u00edas locales luchan desesperadamente para que no entre ni un veh\u00edculo m\u00e1s. Si el domingo se preve\u00eda r\u00e9cord de temperaturas por una ola de calor sahariano, \u00bfqu\u00e9 pod\u00edamos esperar? \u00bfQu\u00e9 la gente se quedase en su casa viendo como el term\u00f3metro sub\u00eda? \u00bfQu\u00e9 no se moviese hacia el mar buscando un poco de brisa?<strong> Pues no, el desborde de todos los veranos es lo normal.<\/strong> Si acaso agravado porque nuestro para\u00edso natural est\u00e1 de moda por su clima. O sea, lo que nosotros no soportamos (temperaturas por encima de los 30 grados), a los turistas les parece poco (vienen de zonas que superan ampliamente los 40). Lo dicho: nada nuevo.<\/p>\n<p>Entonces, \u00bfhay que sacar conclusiones por hechos puntuales? Yo creo que no. El a\u00f1o que viene volver\u00e1 a suceder y en pocos d\u00edas tendremos de nuevo nuestra normalidad. <strong>Esto es, ser la comunidad que m\u00e1s poblaci\u00f3n pierde de Espa\u00f1a.<\/strong> Sin embargo, nuestro presidente, <em>Adri\u00e1n Barb\u00f3n<\/em>, aboga por tomar medidas. Habla de recuperar el control de accesos a las playas, como sucedi\u00f3 durante la pandemia. \u00bfY qu\u00e9 hacemos? \u00bfPonemos polic\u00edas impidiendo el paso a los arenales cuando se llenen? \u00bfUna aplicaci\u00f3n inform\u00e1tica sobre su estado y a ver si le hacen caso? \u00bfParcelas acotadas como en la lucha contra la covid? Sinceramente, lo veo complicado. Otra cosa es el necesario debate sobre el modelo tur\u00edstico que tenemos. <strong>Al basarse en un bajo gasto del turista -todo el sector se queja de que es menor que el a\u00f1o pasado- necesita atraer mareas humanas para ser rentable.<\/strong> Si tuvimos 2.762.510 visitantes en 2023, queremos ir a por los 3 millones y as\u00ed sucesivamente. Esto s\u00ed requiere una reflexi\u00f3n y no esa desgraciada normalidad de todos los veranos.<\/p>\n<p><em><strong>@balbuenajm<\/strong><\/em><\/p>\n<!-- AddThis Advanced Settings generic via filter on the_content --><!-- AddThis Share Buttons generic via filter on the_content -->","protected":false},"excerpt":{"rendered":"<p>La verdad, no s\u00e9 por qu\u00e9 se ha armado tanto revuelo por la situaci\u00f3n vivida el pasado fin de semana. Ya saben, autov\u00edas reventadas de coches en direcci\u00f3n a las playas, arenales abarrotados, retornos eternos, retenciones kilom\u00e9tricas y desesperaci\u00f3n general. En definitiva, lo que sucede cada verano en las zonas de costa asturianas. Al menos, [&hellip;]<!-- AddThis Advanced Settings generic via filter on get_the_excerpt --><!-- AddThis Share Buttons generic via filter on get_the_excerpt --><\/p>\n","protected":false},"author":5,"featured_media":0,"comment_status":"open","ping_status":"open","sticky":false,"template":"","format":"standard","meta":[],"categories":[1],"tags":[5,42,1284,174,1412,45,404],"_links":{"self":[{"href":"https:\/\/blogs.elcomercio.es\/retorcida-realidad\/wp-json\/wp\/v2\/posts\/7810"}],"collection":[{"href":"https:\/\/blogs.elcomercio.es\/retorcida-realidad\/wp-json\/wp\/v2\/posts"}],"about":[{"href":"https:\/\/blogs.elcomercio.es\/retorcida-realidad\/wp-json\/wp\/v2\/types\/post"}],"author":[{"embeddable":true,"href":"https:\/\/blogs.elcomercio.es\/retorcida-realidad\/wp-json\/wp\/v2\/users\/5"}],"replies":[{"embeddable":true,"href":"https:\/\/blogs.elcomercio.es\/retorcida-realidad\/wp-json\/wp\/v2\/comments?post=7810"}],"version-history":[{"count":1,"href":"https:\/\/blogs.elcomercio.es\/retorcida-realidad\/wp-json\/wp\/v2\/posts\/7810\/revisions"}],"predecessor-version":[{"id":7812,"href":"https:\/\/blogs.elcomercio.es\/retorcida-realidad\/wp-json\/wp\/v2\/posts\/7810\/revisions\/7812"}],"wp:attachment":[{"href":"https:\/\/blogs.elcomercio.es\/retorcida-realidad\/wp-json\/wp\/v2\/media?parent=7810"}],"wp:term":[{"taxonomy":"category","embeddable":true,"href":"https:\/\/blogs.elcomercio.es\/retorcida-realidad\/wp-json\/wp\/v2\/categories?post=7810"},{"taxonomy":"post_tag","embeddable":true,"href":"https:\/\/blogs.elcomercio.es\/retorcida-realidad\/wp-json\/wp\/v2\/tags?post=7810"}],"curies":[{"name":"wp","href":"https:\/\/api.w.org\/{rel}","templated":true}]}}