{"id":7821,"date":"2024-08-24T08:51:03","date_gmt":"2024-08-24T06:51:03","guid":{"rendered":"https:\/\/blogs.elcomercio.es\/retorcida-realidad\/?p=7821"},"modified":"2024-08-24T08:52:50","modified_gmt":"2024-08-24T06:52:50","slug":"tiene-bemoles","status":"publish","type":"post","link":"https:\/\/blogs.elcomercio.es\/retorcida-realidad\/2024\/08\/24\/tiene-bemoles\/","title":{"rendered":"Tiene bemoles."},"content":{"rendered":"<p><strong><a href=\"https:\/\/static-blogs.elcomercio.es\/wp-content\/uploads\/sites\/4\/2024\/08\/97377914-kOoE-1200x840@El-Comercio.jpg\"><img loading=\"lazy\" class=\"size-medium wp-image-7822 alignleft\" src=\"https:\/\/static-blogs.elcomercio.es\/wp-content\/uploads\/sites\/4\/2024\/08\/97377914-kOoE-1200x840@El-Comercio-300x210.jpg\" alt=\"\" width=\"300\" height=\"210\" srcset=\"https:\/\/static-blogs.elcomercio.es\/wp-content\/uploads\/sites\/4\/2024\/08\/97377914-kOoE-1200x840@El-Comercio-300x210.jpg 300w, https:\/\/static-blogs.elcomercio.es\/wp-content\/uploads\/sites\/4\/2024\/08\/97377914-kOoE-1200x840@El-Comercio-768x538.jpg 768w, https:\/\/static-blogs.elcomercio.es\/wp-content\/uploads\/sites\/4\/2024\/08\/97377914-kOoE-1200x840@El-Comercio-1024x717.jpg 1024w, https:\/\/static-blogs.elcomercio.es\/wp-content\/uploads\/sites\/4\/2024\/08\/97377914-kOoE-1200x840@El-Comercio.jpg 1200w\" sizes=\"(max-width: 300px) 100vw, 300px\" \/><\/a>En pol\u00edtica es muy habitual defender una cosa y la contraria.<\/strong> Todo depende, claro, de d\u00f3nde se encuentre uno ubicado. Es decir, si en el gobierno o la oposici\u00f3n. Es lo que est\u00e1 pasando en Gij\u00f3n con el tema de los aparcamientos. M\u00e1s en concreto, por la falta de ellos. Resulta que ante un verano que batir\u00e1 r\u00e9cord de turistas, algunos se indignan por la ausencia de plazas donde estacionar. Que lo digan nuestros visitantes que acaban desconcertados dando vueltas y m\u00e1s vueltas, vale. Que lo denuncien los vecinos, hartos de ver veh\u00edculos tirados por sus calles, es l\u00f3gico. Sin embargo, que quien ponga el grito en el cielo sea la actual oposici\u00f3n (gobierno municipal durante la anterior legislatura) tiene bemoles. <strong>S\u00ed, porque una caracter\u00edstica de su mandato fue la persecuci\u00f3n sistem\u00e1tica del veh\u00edculo particular. Haciendo del <em>\u00abcuanto peor para el coche, mucho mejor\u00bb<\/em> su manera de actuar.<\/strong> As\u00ed, la aniquilaci\u00f3n de plazas durante ese periodo fue \u00e9pica y la soluci\u00f3n aportada eran unos parkings imaginarios que nunca aparecieron. Ejemplos, el del parque de Cocheras o uno en altura donde el Palacio de Deportes de La Gu\u00eda. La consejer\u00eda de movilidad, en manos de IU, fue un aut\u00e9ntico ariete contra los conductores, para gozo de su parroquia y silencio c\u00f3mplice del socio mayoritario, o sea, los socialistas. En cambio, ahora se denuncia una \u00abfalta de planificaci\u00f3n\u00bb en los aparcamientos. <strong>Sin duda, amigos, en pol\u00edtica todo es seg\u00fan el color del cristal con el que se mira. Lo dicho: tiene bemoles la cosa.<\/strong><\/p>\n<p><em><strong>@balbuenajm<\/strong><\/em><\/p>\n<!-- AddThis Advanced Settings generic via filter on the_content --><!-- AddThis Share Buttons generic via filter on the_content -->","protected":false},"excerpt":{"rendered":"<p>En pol\u00edtica es muy habitual defender una cosa y la contraria. Todo depende, claro, de d\u00f3nde se encuentre uno ubicado. Es decir, si en el gobierno o la oposici\u00f3n. Es lo que est\u00e1 pasando en Gij\u00f3n con el tema de los aparcamientos. M\u00e1s en concreto, por la falta de ellos. Resulta que ante un verano [&hellip;]<!-- AddThis Advanced Settings generic via filter on get_the_excerpt --><!-- AddThis Share Buttons generic via filter on get_the_excerpt --><\/p>\n","protected":false},"author":5,"featured_media":0,"comment_status":"open","ping_status":"open","sticky":false,"template":"","format":"standard","meta":[],"categories":[1],"tags":[810,312,17,1072,404],"_links":{"self":[{"href":"https:\/\/blogs.elcomercio.es\/retorcida-realidad\/wp-json\/wp\/v2\/posts\/7821"}],"collection":[{"href":"https:\/\/blogs.elcomercio.es\/retorcida-realidad\/wp-json\/wp\/v2\/posts"}],"about":[{"href":"https:\/\/blogs.elcomercio.es\/retorcida-realidad\/wp-json\/wp\/v2\/types\/post"}],"author":[{"embeddable":true,"href":"https:\/\/blogs.elcomercio.es\/retorcida-realidad\/wp-json\/wp\/v2\/users\/5"}],"replies":[{"embeddable":true,"href":"https:\/\/blogs.elcomercio.es\/retorcida-realidad\/wp-json\/wp\/v2\/comments?post=7821"}],"version-history":[{"count":1,"href":"https:\/\/blogs.elcomercio.es\/retorcida-realidad\/wp-json\/wp\/v2\/posts\/7821\/revisions"}],"predecessor-version":[{"id":7823,"href":"https:\/\/blogs.elcomercio.es\/retorcida-realidad\/wp-json\/wp\/v2\/posts\/7821\/revisions\/7823"}],"wp:attachment":[{"href":"https:\/\/blogs.elcomercio.es\/retorcida-realidad\/wp-json\/wp\/v2\/media?parent=7821"}],"wp:term":[{"taxonomy":"category","embeddable":true,"href":"https:\/\/blogs.elcomercio.es\/retorcida-realidad\/wp-json\/wp\/v2\/categories?post=7821"},{"taxonomy":"post_tag","embeddable":true,"href":"https:\/\/blogs.elcomercio.es\/retorcida-realidad\/wp-json\/wp\/v2\/tags?post=7821"}],"curies":[{"name":"wp","href":"https:\/\/api.w.org\/{rel}","templated":true}]}}