{"id":7824,"date":"2024-08-29T08:16:24","date_gmt":"2024-08-29T06:16:24","guid":{"rendered":"https:\/\/blogs.elcomercio.es\/retorcida-realidad\/?p=7824"},"modified":"2024-08-29T08:38:05","modified_gmt":"2024-08-29T06:38:05","slug":"datos-matan-el-relato","status":"publish","type":"post","link":"https:\/\/blogs.elcomercio.es\/retorcida-realidad\/2024\/08\/29\/datos-matan-el-relato\/","title":{"rendered":"Datos matan el relato."},"content":{"rendered":"<p><a href=\"https:\/\/static-blogs.elcomercio.es\/wp-content\/uploads\/sites\/4\/2024\/08\/97335084-k5u-1200x840@El-Comercio.jpg\"><img loading=\"lazy\" class=\"size-medium wp-image-7825 alignleft\" src=\"https:\/\/static-blogs.elcomercio.es\/wp-content\/uploads\/sites\/4\/2024\/08\/97335084-k5u-1200x840@El-Comercio-300x210.jpg\" alt=\"\" width=\"300\" height=\"210\" srcset=\"https:\/\/static-blogs.elcomercio.es\/wp-content\/uploads\/sites\/4\/2024\/08\/97335084-k5u-1200x840@El-Comercio-300x210.jpg 300w, https:\/\/static-blogs.elcomercio.es\/wp-content\/uploads\/sites\/4\/2024\/08\/97335084-k5u-1200x840@El-Comercio-768x538.jpg 768w, https:\/\/static-blogs.elcomercio.es\/wp-content\/uploads\/sites\/4\/2024\/08\/97335084-k5u-1200x840@El-Comercio-1024x717.jpg 1024w, https:\/\/static-blogs.elcomercio.es\/wp-content\/uploads\/sites\/4\/2024\/08\/97335084-k5u-1200x840@El-Comercio.jpg 1200w\" sizes=\"(max-width: 300px) 100vw, 300px\" \/><\/a><strong>Uno.<\/strong> Hace quince a\u00f1os Asturias ten\u00eda una poblaci\u00f3n de 1.085.289 habitantes. En cambio, en 2023 \u00e9ramos solo 1.006.060 asturianos. Es decir, hemos perdido 79.229 habitantes, esto es, a un ritmo de 5.281personas al a\u00f1o. En 2009 la cifra de visitantes en nuestro para\u00edso era de 1.803.088, mientras que el a\u00f1o pasado fue r\u00e9cord y se situ\u00f3 en 2.762.510. O sea, durante ese mismo periodo de tiempo el n\u00famero de turistas se increment\u00f3 en 959.422, o que es lo mismo: 63.961 nuevos viajeros anuales nos visitaron. Como ven, la cifra de residentes y turismo van en sentido contrario. Mientras el primero va cayendo de forma constante (estuvimos a punto de bajar del mill\u00f3n), el segundo no para de incrementarse (este ejercicio se espera llegar a cerca de los tres millones). <strong>Por tanto, el boom tur\u00edstico del Principado no fija poblaci\u00f3n.<\/strong> Dicho de otra forma: no es ni mucho menos un sector en el que podemos confiar para solucionar el gran problema demogr\u00e1fico que tenemos.<\/p>\n<p><strong>Dos.<\/strong> Mirando otras variables tambi\u00e9n llegamos a la misma conclusi\u00f3n. Seguimos siendo la poblaci\u00f3n de mayor edad media de Espa\u00f1a, la tasa de natalidad m\u00e1s baja, la que tiene una mortalidad m\u00e1s alta y con la poblaci\u00f3n activa menor. En 2023 el turismo aport\u00f3 el 12,8% al PIB asturiano, siendo su m\u00e1ximo hist\u00f3rico. <strong>Entonces, d\u00edganme, si esta burbuja de la industria del ocio que estamos viviendo nos ha ayudado a crecer como comunidad<\/strong>, o si podemos concluir que su mayor peso paulatino en nuestra econom\u00eda ha favorecido unos mejores indicadores.<\/p>\n<p><strong>Y tres. Yo no creo que debamos aspirar a ser la comunidad de vacaciones de nadie.<\/strong> Vaci\u00e1ndose cada vez m\u00e1s durante diez meses y atestada en los otros dos. Seg\u00fan las proyecciones del Instituto Nacional de Estad\u00edstica (INE) en 2039 tendremos una poblaci\u00f3n de 967.328 habitantes. Bajaremos, pues, ampliamente de esa barrera psicol\u00f3gica del mill\u00f3n.<strong> \u00bfDe verdad alguien piensa que tener m\u00e1s y m\u00e1s turistas va a revertir esto? \u00bfDe verdad alguien cree que podemos apostar nuestro futuro a que haga m\u00e1s o menos sol? Lo que Asturias necesita es gente que venga a vivir aqu\u00ed.<\/strong> A la postre, residentes que paguen sus impuestos, tengan su vivienda habitual y trabajen de forma estable. Lo dem\u00e1s, es enga\u00f1arnos haciendo trampas al solitario. Datos matan el relato de que el turismo es el becerro de oro al que adorar.<\/p>\n<p><em><strong>@balbuenajm<\/strong><\/em><\/p>\n<!-- AddThis Advanced Settings generic via filter on the_content --><!-- AddThis Share Buttons generic via filter on the_content -->","protected":false},"excerpt":{"rendered":"<p>Uno. Hace quince a\u00f1os Asturias ten\u00eda una poblaci\u00f3n de 1.085.289 habitantes. En cambio, en 2023 \u00e9ramos solo 1.006.060 asturianos. Es decir, hemos perdido 79.229 habitantes, esto es, a un ritmo de 5.281personas al a\u00f1o. En 2009 la cifra de visitantes en nuestro para\u00edso era de 1.803.088, mientras que el a\u00f1o pasado fue r\u00e9cord y se [&hellip;]<!-- AddThis Advanced Settings generic via filter on get_the_excerpt --><!-- AddThis Share Buttons generic via filter on get_the_excerpt --><\/p>\n","protected":false},"author":5,"featured_media":0,"comment_status":"open","ping_status":"open","sticky":false,"template":"","format":"standard","meta":[],"categories":[1],"tags":[5,1284,305,404,811],"_links":{"self":[{"href":"https:\/\/blogs.elcomercio.es\/retorcida-realidad\/wp-json\/wp\/v2\/posts\/7824"}],"collection":[{"href":"https:\/\/blogs.elcomercio.es\/retorcida-realidad\/wp-json\/wp\/v2\/posts"}],"about":[{"href":"https:\/\/blogs.elcomercio.es\/retorcida-realidad\/wp-json\/wp\/v2\/types\/post"}],"author":[{"embeddable":true,"href":"https:\/\/blogs.elcomercio.es\/retorcida-realidad\/wp-json\/wp\/v2\/users\/5"}],"replies":[{"embeddable":true,"href":"https:\/\/blogs.elcomercio.es\/retorcida-realidad\/wp-json\/wp\/v2\/comments?post=7824"}],"version-history":[{"count":1,"href":"https:\/\/blogs.elcomercio.es\/retorcida-realidad\/wp-json\/wp\/v2\/posts\/7824\/revisions"}],"predecessor-version":[{"id":7826,"href":"https:\/\/blogs.elcomercio.es\/retorcida-realidad\/wp-json\/wp\/v2\/posts\/7824\/revisions\/7826"}],"wp:attachment":[{"href":"https:\/\/blogs.elcomercio.es\/retorcida-realidad\/wp-json\/wp\/v2\/media?parent=7824"}],"wp:term":[{"taxonomy":"category","embeddable":true,"href":"https:\/\/blogs.elcomercio.es\/retorcida-realidad\/wp-json\/wp\/v2\/categories?post=7824"},{"taxonomy":"post_tag","embeddable":true,"href":"https:\/\/blogs.elcomercio.es\/retorcida-realidad\/wp-json\/wp\/v2\/tags?post=7824"}],"curies":[{"name":"wp","href":"https:\/\/api.w.org\/{rel}","templated":true}]}}