{"id":7831,"date":"2024-09-05T06:48:59","date_gmt":"2024-09-05T04:48:59","guid":{"rendered":"https:\/\/blogs.elcomercio.es\/retorcida-realidad\/?p=7831"},"modified":"2024-09-05T06:51:34","modified_gmt":"2024-09-05T04:51:34","slug":"hartos-3","status":"publish","type":"post","link":"https:\/\/blogs.elcomercio.es\/retorcida-realidad\/2024\/09\/05\/hartos-3\/","title":{"rendered":"Hartos."},"content":{"rendered":"<p><a href=\"https:\/\/static-blogs.elcomercio.es\/wp-content\/uploads\/sites\/4\/2024\/09\/autonomo-comercio-k1AI-U2101739900903U6-1200x840@RC.jpg\"><img loading=\"lazy\" class=\"size-medium wp-image-7832 alignleft\" src=\"https:\/\/static-blogs.elcomercio.es\/wp-content\/uploads\/sites\/4\/2024\/09\/autonomo-comercio-k1AI-U2101739900903U6-1200x840@RC-300x210.jpg\" alt=\"\" width=\"300\" height=\"210\" srcset=\"https:\/\/static-blogs.elcomercio.es\/wp-content\/uploads\/sites\/4\/2024\/09\/autonomo-comercio-k1AI-U2101739900903U6-1200x840@RC-300x210.jpg 300w, https:\/\/static-blogs.elcomercio.es\/wp-content\/uploads\/sites\/4\/2024\/09\/autonomo-comercio-k1AI-U2101739900903U6-1200x840@RC-768x536.jpg 768w, https:\/\/static-blogs.elcomercio.es\/wp-content\/uploads\/sites\/4\/2024\/09\/autonomo-comercio-k1AI-U2101739900903U6-1200x840@RC-1024x715.jpg 1024w, https:\/\/static-blogs.elcomercio.es\/wp-content\/uploads\/sites\/4\/2024\/09\/autonomo-comercio-k1AI-U2101739900903U6-1200x840@RC.jpg 1200w\" sizes=\"(max-width: 300px) 100vw, 300px\" \/><\/a>En Asturias, el autoempleo se convirti\u00f3 casi en la \u00fanica salida laboral durante las reconversiones industriales de los a\u00f1os ochenta. Es decir, el llamado r\u00e9gimen de aut\u00f3nomos crec\u00eda sin parar, mientras que los trabajadores por cuenta ajena disminu\u00edan. Digamos, pues, que las amortizaciones de los puestos de trabajo eran compensadas con la creaci\u00f3n de peque\u00f1as empresas. Esto es, para muchas personas representaba una nueva forma de ganarse la vida, despu\u00e9s de que su f\u00e1brica desapareciese o redujese dr\u00e1sticamente la plantilla. <strong>Recordemos que en nuestro para\u00edso natural las reconversiones son siempre as\u00ed: empleo que se pierde, empleo que no vuelve.<\/strong> Sin ir m\u00e1s lejos, lo estamos viendo con el llamado proceso de descarbonizaci\u00f3n, <strong>\u00bfd\u00f3nde est\u00e1n los planes alternativos al desmantelamiento de las centrales t\u00e9rmicas de Soto de la Barca (Tineo) o Lada (Langreo)? \u00bfD\u00f3nde la creaci\u00f3n de los nuevos puestos de trabajo de la llamada industria verde?<\/strong> Como digo, la figura del aut\u00f3nomo sirvi\u00f3 para amortiguar esa ca\u00edda y que muchas familias llegasen a fin de mes.<\/p>\n<p>Sin embargo, esa tendencia ha cambiado. En los \u00faltimos quince a\u00f1os hay 10.000 trabajadores menos por cuenta propia en el Principado, lo que representa una reducci\u00f3n del 12,4%. Es m\u00e1s, hay quien incluso dobla esa cifra y los sit\u00faa en cerca de los 20.000. \u00bfLas razones? <strong>Sigue siendo un r\u00e9gimen injusto y muy mal tratado.<\/strong> De hecho, uno de los motivos de esa merma est\u00e1 en que no hay renovaci\u00f3n. Los peque\u00f1os negocios cierran por jubilaci\u00f3n y nadie quiere seguir con ellos. <strong>Hoy en d\u00eda ser aut\u00f3nomo no es una opci\u00f3n para las nuevas generaciones.<\/strong> M\u00e1xime, cuando no ven ning\u00fan incentivo para ello. <strong>La tan cacareada <em>\u00abv\u00eda fiscal asturiana\u00bb<\/em> solo los fr\u00ede a impuestos y las trabas burocr\u00e1ticas van <em>\u00abin crescendo\u00bb<\/em>.<\/strong> Dicho de otra forma: cada d\u00eda lo tienen m\u00e1s dif\u00edcil. Eso s\u00ed, de vez en cuando se ofrece alguna subvenci\u00f3n, como quien tira migas de pan a las palomas. Tan solo en el \u00faltimo a\u00f1o se han perdido m\u00e1s de 500 aut\u00f3nomos, hartos de que nadie les ofrezca alg\u00fan tipo de compensaci\u00f3n por su esfuerzo diario. Por \u00faltimo, d\u00e9jenme que les cuente un chiste. Un hombre vaga por el desierto y se encuentra a Dios. \u00c9ste le dice que le concede un deseo. Despu\u00e9s de pensarlo durante un buen rato, pide al creador que lo libre de cualquier tipo de enfermedad. \u00bfY saben lo que hizo? Convertirlo en aut\u00f3nomo.<\/p>\n<p><em><strong>@balbuenajm<\/strong><\/em><\/p>\n<!-- AddThis Advanced Settings generic via filter on the_content --><!-- AddThis Share Buttons generic via filter on the_content -->","protected":false},"excerpt":{"rendered":"<p>En Asturias, el autoempleo se convirti\u00f3 casi en la \u00fanica salida laboral durante las reconversiones industriales de los a\u00f1os ochenta. Es decir, el llamado r\u00e9gimen de aut\u00f3nomos crec\u00eda sin parar, mientras que los trabajadores por cuenta ajena disminu\u00edan. Digamos, pues, que las amortizaciones de los puestos de trabajo eran compensadas con la creaci\u00f3n de peque\u00f1as [&hellip;]<!-- AddThis Advanced Settings generic via filter on get_the_excerpt --><!-- AddThis Share Buttons generic via filter on get_the_excerpt --><\/p>\n","protected":false},"author":5,"featured_media":0,"comment_status":"open","ping_status":"open","sticky":false,"template":"","format":"standard","meta":[],"categories":[1],"tags":[1171,1415,1414,1413],"_links":{"self":[{"href":"https:\/\/blogs.elcomercio.es\/retorcida-realidad\/wp-json\/wp\/v2\/posts\/7831"}],"collection":[{"href":"https:\/\/blogs.elcomercio.es\/retorcida-realidad\/wp-json\/wp\/v2\/posts"}],"about":[{"href":"https:\/\/blogs.elcomercio.es\/retorcida-realidad\/wp-json\/wp\/v2\/types\/post"}],"author":[{"embeddable":true,"href":"https:\/\/blogs.elcomercio.es\/retorcida-realidad\/wp-json\/wp\/v2\/users\/5"}],"replies":[{"embeddable":true,"href":"https:\/\/blogs.elcomercio.es\/retorcida-realidad\/wp-json\/wp\/v2\/comments?post=7831"}],"version-history":[{"count":1,"href":"https:\/\/blogs.elcomercio.es\/retorcida-realidad\/wp-json\/wp\/v2\/posts\/7831\/revisions"}],"predecessor-version":[{"id":7833,"href":"https:\/\/blogs.elcomercio.es\/retorcida-realidad\/wp-json\/wp\/v2\/posts\/7831\/revisions\/7833"}],"wp:attachment":[{"href":"https:\/\/blogs.elcomercio.es\/retorcida-realidad\/wp-json\/wp\/v2\/media?parent=7831"}],"wp:term":[{"taxonomy":"category","embeddable":true,"href":"https:\/\/blogs.elcomercio.es\/retorcida-realidad\/wp-json\/wp\/v2\/categories?post=7831"},{"taxonomy":"post_tag","embeddable":true,"href":"https:\/\/blogs.elcomercio.es\/retorcida-realidad\/wp-json\/wp\/v2\/tags?post=7831"}],"curies":[{"name":"wp","href":"https:\/\/api.w.org\/{rel}","templated":true}]}}