{"id":7843,"date":"2024-09-14T07:24:00","date_gmt":"2024-09-14T05:24:00","guid":{"rendered":"https:\/\/blogs.elcomercio.es\/retorcida-realidad\/?p=7843"},"modified":"2024-09-14T07:29:02","modified_gmt":"2024-09-14T05:29:02","slug":"chungo","status":"publish","type":"post","link":"https:\/\/blogs.elcomercio.es\/retorcida-realidad\/2024\/09\/14\/chungo\/","title":{"rendered":"Chungo."},"content":{"rendered":"<p><a href=\"https:\/\/static-blogs.elcomercio.es\/wp-content\/uploads\/sites\/4\/2024\/09\/consejo-social-gijon-vial-jove-k26H-RrIUuq8h7Pt1QZ8ovxSIUvI-1200x840@El-Comercio.jpg\"><img loading=\"lazy\" class=\"size-medium wp-image-7844 alignleft\" src=\"https:\/\/static-blogs.elcomercio.es\/wp-content\/uploads\/sites\/4\/2024\/09\/consejo-social-gijon-vial-jove-k26H-RrIUuq8h7Pt1QZ8ovxSIUvI-1200x840@El-Comercio-300x210.jpg\" alt=\"\" width=\"300\" height=\"210\" srcset=\"https:\/\/static-blogs.elcomercio.es\/wp-content\/uploads\/sites\/4\/2024\/09\/consejo-social-gijon-vial-jove-k26H-RrIUuq8h7Pt1QZ8ovxSIUvI-1200x840@El-Comercio-300x210.jpg 300w, https:\/\/static-blogs.elcomercio.es\/wp-content\/uploads\/sites\/4\/2024\/09\/consejo-social-gijon-vial-jove-k26H-RrIUuq8h7Pt1QZ8ovxSIUvI-1200x840@El-Comercio-768x538.jpg 768w, https:\/\/static-blogs.elcomercio.es\/wp-content\/uploads\/sites\/4\/2024\/09\/consejo-social-gijon-vial-jove-k26H-RrIUuq8h7Pt1QZ8ovxSIUvI-1200x840@El-Comercio-1024x717.jpg 1024w, https:\/\/static-blogs.elcomercio.es\/wp-content\/uploads\/sites\/4\/2024\/09\/consejo-social-gijon-vial-jove-k26H-RrIUuq8h7Pt1QZ8ovxSIUvI-1200x840@El-Comercio.jpg 1200w\" sizes=\"(max-width: 300px) 100vw, 300px\" \/><\/a>Uno de los puntos del orden del d\u00eda en la reuni\u00f3n del Consejo Social sobre el vial de Jove que ayer tuvo lugar era <em>\u00abel estado de la cuesti\u00f3n\u00bb<\/em>. Ya se lo digo yo: chungo. <strong>El Ministerio de Transportes no tiene ni la m\u00e1s m\u00ednima intenci\u00f3n de ejecutarlo soterrado.<\/strong> Incluso, como adelant\u00f3 EL COMERCIO, tiene partes que ir\u00e1n elevadas hasta cerca de los dos metros. Eso para que se vea mejor todav\u00eda el tr\u00e1fico pesado. \u00bfY qu\u00e9 pasa si en Gij\u00f3n no lo aceptamos? Pues nada, el proyecto quedar\u00e1 congelado. Metido en la nevera hasta que ablandemos. Es decir, con partidas de 100.000 euros pintadas en los Presupuestos Generales del Estado durante a\u00f1os y a\u00f1os. Algo as\u00ed como lo que sucedi\u00f3 con el plan de v\u00edas, que tambi\u00e9n iba a ser soterrado y miren c\u00f3mo acab\u00f3: con una soluci\u00f3n en trinchera que tanto gusta en el Ministerio. \u00bfY si vuelven las protestas en la calle? Se las pasar\u00e1n por el forro. Madrid est\u00e1 a 500 kil\u00f3metros y el eco no llega. De hecho, ni siquiera tuvieron el decoro de dar la cara reuni\u00e9ndose con los vecinos<strong>. Lo de la soluci\u00f3n consensuada que tanto pregonan es una aut\u00e9ntica milonga.<\/strong> Aqu\u00ed lo que hay es un tr\u00e1gala, desde el mismo momento en que nos enga\u00f1aron con un proyecto a punto de licitarse y que era imposible de realizar. Aqu\u00ed lo que se quiere es gastar lo m\u00ednimo posible (70 millones de euros) en contraposici\u00f3n a lo que estaba previsto (285,6). Alea iacta est. La suerte est\u00e1 echada y no para bien de esta ciudad. <strong>Tiene toda la pinta de que el vial de Jove quedar\u00e1 enquistado.<\/strong> Y si no al tiempo&#8230;<\/p>\n<p><em><strong>@balbuenajm<\/strong><\/em><\/p>\n<!-- AddThis Advanced Settings generic via filter on the_content --><!-- AddThis Share Buttons generic via filter on the_content -->","protected":false},"excerpt":{"rendered":"<p>Uno de los puntos del orden del d\u00eda en la reuni\u00f3n del Consejo Social sobre el vial de Jove que ayer tuvo lugar era \u00abel estado de la cuesti\u00f3n\u00bb. Ya se lo digo yo: chungo. El Ministerio de Transportes no tiene ni la m\u00e1s m\u00ednima intenci\u00f3n de ejecutarlo soterrado. Incluso, como adelant\u00f3 EL COMERCIO, tiene [&hellip;]<!-- AddThis Advanced Settings generic via filter on get_the_excerpt --><!-- AddThis Share Buttons generic via filter on get_the_excerpt --><\/p>\n","protected":false},"author":5,"featured_media":0,"comment_status":"open","ping_status":"open","sticky":false,"template":"","format":"standard","meta":[],"categories":[1],"tags":[312,17,268,1123,305,1078],"_links":{"self":[{"href":"https:\/\/blogs.elcomercio.es\/retorcida-realidad\/wp-json\/wp\/v2\/posts\/7843"}],"collection":[{"href":"https:\/\/blogs.elcomercio.es\/retorcida-realidad\/wp-json\/wp\/v2\/posts"}],"about":[{"href":"https:\/\/blogs.elcomercio.es\/retorcida-realidad\/wp-json\/wp\/v2\/types\/post"}],"author":[{"embeddable":true,"href":"https:\/\/blogs.elcomercio.es\/retorcida-realidad\/wp-json\/wp\/v2\/users\/5"}],"replies":[{"embeddable":true,"href":"https:\/\/blogs.elcomercio.es\/retorcida-realidad\/wp-json\/wp\/v2\/comments?post=7843"}],"version-history":[{"count":1,"href":"https:\/\/blogs.elcomercio.es\/retorcida-realidad\/wp-json\/wp\/v2\/posts\/7843\/revisions"}],"predecessor-version":[{"id":7845,"href":"https:\/\/blogs.elcomercio.es\/retorcida-realidad\/wp-json\/wp\/v2\/posts\/7843\/revisions\/7845"}],"wp:attachment":[{"href":"https:\/\/blogs.elcomercio.es\/retorcida-realidad\/wp-json\/wp\/v2\/media?parent=7843"}],"wp:term":[{"taxonomy":"category","embeddable":true,"href":"https:\/\/blogs.elcomercio.es\/retorcida-realidad\/wp-json\/wp\/v2\/categories?post=7843"},{"taxonomy":"post_tag","embeddable":true,"href":"https:\/\/blogs.elcomercio.es\/retorcida-realidad\/wp-json\/wp\/v2\/tags?post=7843"}],"curies":[{"name":"wp","href":"https:\/\/api.w.org\/{rel}","templated":true}]}}