{"id":7859,"date":"2024-09-28T07:20:10","date_gmt":"2024-09-28T05:20:10","guid":{"rendered":"https:\/\/blogs.elcomercio.es\/retorcida-realidad\/?p=7859"},"modified":"2024-09-28T07:28:01","modified_gmt":"2024-09-28T05:28:01","slug":"gastar-por-gastar","status":"publish","type":"post","link":"https:\/\/blogs.elcomercio.es\/retorcida-realidad\/2024\/09\/28\/gastar-por-gastar\/","title":{"rendered":"Gastar por gastar."},"content":{"rendered":"<p><a href=\"https:\/\/static-blogs.elcomercio.es\/wp-content\/uploads\/sites\/4\/2024\/09\/98242705-kWoE-1200x840@El-Comercio.jpeg\"><img loading=\"lazy\" class=\"size-medium wp-image-7860 alignleft\" src=\"https:\/\/static-blogs.elcomercio.es\/wp-content\/uploads\/sites\/4\/2024\/09\/98242705-kWoE-1200x840@El-Comercio-300x210.jpeg\" alt=\"\" width=\"300\" height=\"210\" srcset=\"https:\/\/static-blogs.elcomercio.es\/wp-content\/uploads\/sites\/4\/2024\/09\/98242705-kWoE-1200x840@El-Comercio-300x210.jpeg 300w, https:\/\/static-blogs.elcomercio.es\/wp-content\/uploads\/sites\/4\/2024\/09\/98242705-kWoE-1200x840@El-Comercio-768x538.jpeg 768w, https:\/\/static-blogs.elcomercio.es\/wp-content\/uploads\/sites\/4\/2024\/09\/98242705-kWoE-1200x840@El-Comercio-1024x717.jpeg 1024w, https:\/\/static-blogs.elcomercio.es\/wp-content\/uploads\/sites\/4\/2024\/09\/98242705-kWoE-1200x840@El-Comercio.jpeg 1200w\" sizes=\"(max-width: 300px) 100vw, 300px\" \/><\/a>A m\u00ed lo de los fondos europeos me parece de chufla: a veces no tienen ninguna l\u00f3gica. <strong>Sus obras, en muchas ocasiones, se hacen solo para gastar.<\/strong> Es decir, nadie necesita aquello que se construye, pero como lo paga Bruselas y hay que fundir el dinero\u2026 Fue el caso, por ejemplo, del intercambiador de transportes previsto en El Humedal. Ya saben, aquella especie de estaci\u00f3n de autobuses alternativa a la de Moreda que se quer\u00eda montar a toda costa. El caso es que hab\u00eda 2,5 millones de euros disponibles y urg\u00eda llenar el centro de Gij\u00f3n de marquesinas. Al final, fue rechazado por el Ayuntamiento. <strong>Ahora en la calle Sanz Crespo, antigua entrada de la autopista \u201cY\u201d a la ciudad, se est\u00e1 realizando un carril bici sin sentido.<\/strong> Entre otras cosas, porque toda esa zona est\u00e1 pendiente del desarrollo del plan de v\u00edas y no se sabe todav\u00eda c\u00f3mo va a quedar. Esto es, desconocemos si el \u00absolar\u00f3n\u00bb va a seguir siendo espacio verde o tendr\u00e1 edificaciones. Adem\u00e1s, sale justo de la estaci\u00f3n provisional cuando a\u00fan se est\u00e1 redactando el proyecto de la intermodal. O sea, en un futuro cercano (esperamos) se tendr\u00e1 que modificar. El motivo de semejante dislate: Europa exige completar una red ciclista (sea \u00fatil o no) para que se financie la Zona de Bajas Emisiones de La Calzada. <strong>Mejor, digo, se invert\u00edan los 220.388 euros que cuesta en recuperar ese barrio, m\u00e1s conocido como la franja de Laviada.<\/strong> Un lugar inh\u00f3spito y destartalado que lleva esperando 23 a\u00f1os por las eternas obras del plan de v\u00edas. Gastar por gastar.<\/p>\n<p><em><strong>@balbuenajm<\/strong><\/em><\/p>\n<!-- AddThis Advanced Settings generic via filter on the_content --><!-- AddThis Share Buttons generic via filter on the_content -->","protected":false},"excerpt":{"rendered":"<p>A m\u00ed lo de los fondos europeos me parece de chufla: a veces no tienen ninguna l\u00f3gica. Sus obras, en muchas ocasiones, se hacen solo para gastar. Es decir, nadie necesita aquello que se construye, pero como lo paga Bruselas y hay que fundir el dinero\u2026 Fue el caso, por ejemplo, del intercambiador de transportes [&hellip;]<!-- AddThis Advanced Settings generic via filter on get_the_excerpt --><!-- AddThis Share Buttons generic via filter on get_the_excerpt --><\/p>\n","protected":false},"author":5,"featured_media":0,"comment_status":"open","ping_status":"open","sticky":false,"template":"","format":"standard","meta":[],"categories":[1],"tags":[312,714,1423,1281,1424,17,36],"_links":{"self":[{"href":"https:\/\/blogs.elcomercio.es\/retorcida-realidad\/wp-json\/wp\/v2\/posts\/7859"}],"collection":[{"href":"https:\/\/blogs.elcomercio.es\/retorcida-realidad\/wp-json\/wp\/v2\/posts"}],"about":[{"href":"https:\/\/blogs.elcomercio.es\/retorcida-realidad\/wp-json\/wp\/v2\/types\/post"}],"author":[{"embeddable":true,"href":"https:\/\/blogs.elcomercio.es\/retorcida-realidad\/wp-json\/wp\/v2\/users\/5"}],"replies":[{"embeddable":true,"href":"https:\/\/blogs.elcomercio.es\/retorcida-realidad\/wp-json\/wp\/v2\/comments?post=7859"}],"version-history":[{"count":1,"href":"https:\/\/blogs.elcomercio.es\/retorcida-realidad\/wp-json\/wp\/v2\/posts\/7859\/revisions"}],"predecessor-version":[{"id":7861,"href":"https:\/\/blogs.elcomercio.es\/retorcida-realidad\/wp-json\/wp\/v2\/posts\/7859\/revisions\/7861"}],"wp:attachment":[{"href":"https:\/\/blogs.elcomercio.es\/retorcida-realidad\/wp-json\/wp\/v2\/media?parent=7859"}],"wp:term":[{"taxonomy":"category","embeddable":true,"href":"https:\/\/blogs.elcomercio.es\/retorcida-realidad\/wp-json\/wp\/v2\/categories?post=7859"},{"taxonomy":"post_tag","embeddable":true,"href":"https:\/\/blogs.elcomercio.es\/retorcida-realidad\/wp-json\/wp\/v2\/tags?post=7859"}],"curies":[{"name":"wp","href":"https:\/\/api.w.org\/{rel}","templated":true}]}}