{"id":79,"date":"2007-12-26T06:51:14","date_gmt":"2007-12-26T06:51:14","guid":{"rendered":"http:\/\/blogs.elcomercio.es\/retorcida-realidad\/?p=79"},"modified":"2007-12-26T06:51:14","modified_gmt":"2007-12-26T06:51:14","slug":"y-lo-nuestro-que","status":"publish","type":"post","link":"https:\/\/blogs.elcomercio.es\/retorcida-realidad\/2007\/12\/26\/y-lo-nuestro-que\/","title":{"rendered":"Y de lo nuestro, \u00bfqu\u00e9?"},"content":{"rendered":"<p><IMG src=\"\/retorcida-realidad\/files\/fotoave.jpg\" id=\"img_0\" class=\"imgizqda\" height=\"150\" width=\"212\"><big>No sin cierta envidia hemos visto como el AVE llegaba a Valladolid. S\u00ed, lo certificaron la Ministra y el Presidente del Gobierno en un viaje inaugural que luego repitieron a M\u00e1laga. Lo que antes era un trayecto de 2 horas y media se ha convertido en apenas 55 minutos y, eso, claro est\u00e1, ha redundado en acortar nuestro tiempo -ojo, a\u00fan de infames 5 horas- de viaje ferroviario hasta Madrid. En todo caso, debemos pensar que todav\u00eda quedan muchas inc\u00f3gnitas sobre la llegada del AVE a nuestro para\u00edso natural como para cumplir un calendario razonable. Por ejemplo. \u00bfSe va a utilizar el trazado antiguo desde Pola de Lena hasta Gij\u00f3n o se har\u00e1 uno nuevo? \u00bfSer\u00e1 la l\u00ednea s\u00f3lo de pasajeros o se tender\u00e1 a utilizar uno mixto con mercanc\u00edas incluido? \u00bfSabemos acaso qu\u00e9 paradas tendr\u00e1 el AVE en nuestra comunidad? Como ven, con preguntas tan importantes todav\u00eda sin responder, se hace dif\u00edcil pensar que para el periodo comprendido entre el 2009 y 2011 el AVE deambule por estos pagos. M\u00e1s bien, lo \u00fanico claro y palpable, es que el t\u00fanel que nos conecta con la meseta va a buen ritmo y, seguramente, s\u00ed estar\u00e1 acabado para esa fecha. Sin embargo, de lo dem\u00e1s, de c\u00f3mo va a discurrir su trayecto hasta el centro de la regi\u00f3n, a d\u00eda de hoy sigue siendo un misterio insondable. En fin, sigamos discutiendo sobre el AVE del Cant\u00e1brico&#8230;<\/big><\/p>\n<!-- AddThis Advanced Settings generic via filter on the_content --><!-- AddThis Share Buttons generic via filter on the_content -->","protected":false},"excerpt":{"rendered":"<p>No sin cierta envidia hemos visto como el AVE llegaba a Valladolid. S\u00ed, lo certificaron la Ministra y el Presidente del Gobierno en un viaje inaugural que luego repitieron a M\u00e1laga. Lo que antes era un trayecto de 2 horas y media se ha convertido en apenas 55 minutos y, eso, claro est\u00e1, ha redundado [&hellip;]<!-- AddThis Advanced Settings generic via filter on get_the_excerpt --><!-- AddThis Share Buttons generic via filter on get_the_excerpt --><\/p>\n","protected":false},"author":5,"featured_media":0,"comment_status":"open","ping_status":"closed","sticky":false,"template":"","format":"standard","meta":[],"categories":[2],"tags":[],"_links":{"self":[{"href":"https:\/\/blogs.elcomercio.es\/retorcida-realidad\/wp-json\/wp\/v2\/posts\/79"}],"collection":[{"href":"https:\/\/blogs.elcomercio.es\/retorcida-realidad\/wp-json\/wp\/v2\/posts"}],"about":[{"href":"https:\/\/blogs.elcomercio.es\/retorcida-realidad\/wp-json\/wp\/v2\/types\/post"}],"author":[{"embeddable":true,"href":"https:\/\/blogs.elcomercio.es\/retorcida-realidad\/wp-json\/wp\/v2\/users\/5"}],"replies":[{"embeddable":true,"href":"https:\/\/blogs.elcomercio.es\/retorcida-realidad\/wp-json\/wp\/v2\/comments?post=79"}],"version-history":[{"count":0,"href":"https:\/\/blogs.elcomercio.es\/retorcida-realidad\/wp-json\/wp\/v2\/posts\/79\/revisions"}],"wp:attachment":[{"href":"https:\/\/blogs.elcomercio.es\/retorcida-realidad\/wp-json\/wp\/v2\/media?parent=79"}],"wp:term":[{"taxonomy":"category","embeddable":true,"href":"https:\/\/blogs.elcomercio.es\/retorcida-realidad\/wp-json\/wp\/v2\/categories?post=79"},{"taxonomy":"post_tag","embeddable":true,"href":"https:\/\/blogs.elcomercio.es\/retorcida-realidad\/wp-json\/wp\/v2\/tags?post=79"}],"curies":[{"name":"wp","href":"https:\/\/api.w.org\/{rel}","templated":true}]}}