{"id":80,"date":"2007-12-28T08:11:42","date_gmt":"2007-12-28T08:11:42","guid":{"rendered":"http:\/\/blogs.elcomercio.es\/retorcida-realidad\/?p=80"},"modified":"2007-12-28T08:11:42","modified_gmt":"2007-12-28T08:11:42","slug":"el-abuso-del-derecho-huelga","status":"publish","type":"post","link":"https:\/\/blogs.elcomercio.es\/retorcida-realidad\/2007\/12\/28\/el-abuso-del-derecho-huelga\/","title":{"rendered":"El abuso del derecho de huelga."},"content":{"rendered":"<p><big>No s\u00e9 si vieron ustedes las im\u00e1genes que ayer se distribuyeron sobre la huelga de limpieza en el metro de Madrid. Despu\u00e9s de m\u00e1s de once d\u00edas, l\u00f3gicamente, la basura se acumula hasta formar una monta\u00f1a m\u00e1s alta que el Everest. Ver a los usuarios pasar con la nariz tapada, cara de asco y pegando patadas a los papeles o recipientes amontonados es todo uno. Hasta ah\u00ed, la verdad, no nos deber\u00eda de sorprender. En todas las huelgas de este tipo se producen situaciones similares. Lo hemos visto en hospitales, calles o cualquier tipo de establecimiento. Lo sorprendente -y aqu\u00ed est\u00e1 la clave del asunto- fue ver a un tipo llegar con una botella de aceite en la mano. El encapuchado, sin ning\u00fan pudor, verti\u00f3 su contenido por toda la entrada del metro, o sea, los tornos que regulan el paso, y, como pueden suponer, el resultado fue desastroso. En el v\u00eddeo se pod\u00eda ver como dos personas de avanzada edad ca\u00edan al suelo de bruces por el correspondiente resbal\u00f3n. Otras, en cambio, para evitar el patinaje involuntario, saltaban los controles con riesgo de obtener el mismo destino. En fin, como comprender\u00e1n uno entiende el derecho de huelga de los trabajadores. Es m\u00e1s, puede aguantar cortes de tr\u00e1fico, retrasos en medios de transporte o, como en este caso, suciedad. Ahora bien, jugar con la integridad de las personas ya es otro tema. Imag\u00ednense si este tipo de protesta se populariza, \u00bfqui\u00e9n coger\u00eda un avi\u00f3n sabiendo que por la huelga de controladores estos podr\u00edan sabotear el vuelo? Pues bien, como estamos en Navidad pensemos que esto s\u00f3lo fue un exceso que, por cierto, le ha costado la concesi\u00f3n a la empresa contratada. Por lo dem\u00e1s, desearles una feliz Nochevieja y pr\u00f3spero A\u00f1o Nuevo.<\/big><\/p>\n<!-- AddThis Advanced Settings generic via filter on the_content --><!-- AddThis Share Buttons generic via filter on the_content -->","protected":false},"excerpt":{"rendered":"<p>No s\u00e9 si vieron ustedes las im\u00e1genes que ayer se distribuyeron sobre la huelga de limpieza en el metro de Madrid. Despu\u00e9s de m\u00e1s de once d\u00edas, l\u00f3gicamente, la basura se acumula hasta formar una monta\u00f1a m\u00e1s alta que el Everest. Ver a los usuarios pasar con la nariz tapada, cara de asco y pegando [&hellip;]<!-- AddThis Advanced Settings generic via filter on get_the_excerpt --><!-- AddThis Share Buttons generic via filter on get_the_excerpt --><\/p>\n","protected":false},"author":5,"featured_media":0,"comment_status":"open","ping_status":"closed","sticky":false,"template":"","format":"standard","meta":[],"categories":[2],"tags":[],"_links":{"self":[{"href":"https:\/\/blogs.elcomercio.es\/retorcida-realidad\/wp-json\/wp\/v2\/posts\/80"}],"collection":[{"href":"https:\/\/blogs.elcomercio.es\/retorcida-realidad\/wp-json\/wp\/v2\/posts"}],"about":[{"href":"https:\/\/blogs.elcomercio.es\/retorcida-realidad\/wp-json\/wp\/v2\/types\/post"}],"author":[{"embeddable":true,"href":"https:\/\/blogs.elcomercio.es\/retorcida-realidad\/wp-json\/wp\/v2\/users\/5"}],"replies":[{"embeddable":true,"href":"https:\/\/blogs.elcomercio.es\/retorcida-realidad\/wp-json\/wp\/v2\/comments?post=80"}],"version-history":[{"count":0,"href":"https:\/\/blogs.elcomercio.es\/retorcida-realidad\/wp-json\/wp\/v2\/posts\/80\/revisions"}],"wp:attachment":[{"href":"https:\/\/blogs.elcomercio.es\/retorcida-realidad\/wp-json\/wp\/v2\/media?parent=80"}],"wp:term":[{"taxonomy":"category","embeddable":true,"href":"https:\/\/blogs.elcomercio.es\/retorcida-realidad\/wp-json\/wp\/v2\/categories?post=80"},{"taxonomy":"post_tag","embeddable":true,"href":"https:\/\/blogs.elcomercio.es\/retorcida-realidad\/wp-json\/wp\/v2\/tags?post=80"}],"curies":[{"name":"wp","href":"https:\/\/api.w.org\/{rel}","templated":true}]}}