{"id":8086,"date":"2025-05-03T07:43:08","date_gmt":"2025-05-03T05:43:08","guid":{"rendered":"https:\/\/blogs.elcomercio.es\/retorcida-realidad\/?p=8086"},"modified":"2025-05-03T07:43:10","modified_gmt":"2025-05-03T05:43:10","slug":"el-ayuntamiento-b","status":"publish","type":"post","link":"https:\/\/blogs.elcomercio.es\/retorcida-realidad\/2025\/05\/03\/el-ayuntamiento-b\/","title":{"rendered":"El Ayuntamiento B."},"content":{"rendered":"\n<p>B\u00e1sicamente, a nuestro Puerto le pedimos dos cosas. La primera, que sea un motor econ\u00f3mico de la ciudad. Es decir, que mediante su impulso se fomente la riqueza y el empleo. En este sentido, debemos decir que va bien. El plan de empresa de El Musel prev\u00e9 casi 714 millones de euros en inversiones privadas durante el periodo 2025-2028. Y la segunda, tiene que ver con cuestiones medioambientales. Esto es, que no contamine. Algo que debemos poner en solfa, viendo el silencio de la Autoridad Portuaria ante la tropel\u00eda cometida con el vial de Jove<strong>.<\/strong> O por el carb\u00f3n en forma de nube que de vez en cuando nos asola y tiza de negro la arena de San Lorenzo. <strong>Sin embargo, ahora est\u00e1 m\u00e1s preocupado por ser \u00abagente urbanizador\u00bb. Oigan, \u00bfqu\u00e9 es eso? <\/strong>\u00bfPor qu\u00e9 de repente le urge mejorar sus terrenos litorales, las terrazas hosteleras y hasta unas casetas en Poniente? \u00bfLe han venido esas ganas de sopet\u00f3n o tiene algo que ver con el proyecto municipal de Naval Azul? Sin duda, el que no quiera cumplir con su parte del trato en la venta de los terrenos del antiguo astillero -ya saben, ceder gratuitamente esa peque\u00f1a franja mar\u00edtima- tiene un alto componente pol\u00edtico. O sea, nada de lo que est\u00e1 sucediendo es casual. <strong>Por lo visto, el objetivo de la nueva direcci\u00f3n es ser un Ayuntamiento B como contrapeso al actual, no vaya a pasar que repita dentro de dos a\u00f1os. <\/strong>Dicho de otra manera: tal parece, que el empe\u00f1o de sus responsables est\u00e1 en ser un instrumento al servicio del principal partido de la oposici\u00f3n municipal.<\/p>\n\n\n\n<p><strong><em>@balbuenajm<\/em><\/strong><\/p>\n<!-- AddThis Advanced Settings generic via filter on the_content --><!-- AddThis Share Buttons generic via filter on the_content -->","protected":false},"excerpt":{"rendered":"<p>B\u00e1sicamente, a nuestro Puerto le pedimos dos cosas. La primera, que sea un motor econ\u00f3mico de la ciudad. Es decir, que mediante su impulso se fomente la riqueza y el empleo. En este sentido, debemos decir que va bien. El plan de empresa de El Musel prev\u00e9 casi 714 millones de euros en inversiones privadas [&hellip;]<!-- AddThis Advanced Settings generic via filter on get_the_excerpt --><!-- AddThis Share Buttons generic via filter on get_the_excerpt --><\/p>\n","protected":false},"author":5,"featured_media":8087,"comment_status":"open","ping_status":"open","sticky":false,"template":"","format":"standard","meta":[],"categories":[1],"tags":[246,312,14,17,1351],"_links":{"self":[{"href":"https:\/\/blogs.elcomercio.es\/retorcida-realidad\/wp-json\/wp\/v2\/posts\/8086"}],"collection":[{"href":"https:\/\/blogs.elcomercio.es\/retorcida-realidad\/wp-json\/wp\/v2\/posts"}],"about":[{"href":"https:\/\/blogs.elcomercio.es\/retorcida-realidad\/wp-json\/wp\/v2\/types\/post"}],"author":[{"embeddable":true,"href":"https:\/\/blogs.elcomercio.es\/retorcida-realidad\/wp-json\/wp\/v2\/users\/5"}],"replies":[{"embeddable":true,"href":"https:\/\/blogs.elcomercio.es\/retorcida-realidad\/wp-json\/wp\/v2\/comments?post=8086"}],"version-history":[{"count":1,"href":"https:\/\/blogs.elcomercio.es\/retorcida-realidad\/wp-json\/wp\/v2\/posts\/8086\/revisions"}],"predecessor-version":[{"id":8088,"href":"https:\/\/blogs.elcomercio.es\/retorcida-realidad\/wp-json\/wp\/v2\/posts\/8086\/revisions\/8088"}],"wp:featuredmedia":[{"embeddable":true,"href":"https:\/\/blogs.elcomercio.es\/retorcida-realidad\/wp-json\/wp\/v2\/media\/8087"}],"wp:attachment":[{"href":"https:\/\/blogs.elcomercio.es\/retorcida-realidad\/wp-json\/wp\/v2\/media?parent=8086"}],"wp:term":[{"taxonomy":"category","embeddable":true,"href":"https:\/\/blogs.elcomercio.es\/retorcida-realidad\/wp-json\/wp\/v2\/categories?post=8086"},{"taxonomy":"post_tag","embeddable":true,"href":"https:\/\/blogs.elcomercio.es\/retorcida-realidad\/wp-json\/wp\/v2\/tags?post=8086"}],"curies":[{"name":"wp","href":"https:\/\/api.w.org\/{rel}","templated":true}]}}