{"id":8089,"date":"2025-05-07T06:26:09","date_gmt":"2025-05-07T04:26:09","guid":{"rendered":"https:\/\/blogs.elcomercio.es\/retorcida-realidad\/?p=8089"},"modified":"2025-05-07T06:26:11","modified_gmt":"2025-05-07T04:26:11","slug":"el-apagon-asturiano","status":"publish","type":"post","link":"https:\/\/blogs.elcomercio.es\/retorcida-realidad\/2025\/05\/07\/el-apagon-asturiano\/","title":{"rendered":"El apag\u00f3n asturiano."},"content":{"rendered":"\n<p>Contin\u00faa la incertidumbre sobre el cero energ\u00e9tico al que nos vimos sometidos. Ya saben, ese fat\u00eddico lunes 28 de abril donde nos quedamos sin electricidad en la pen\u00ednsula ib\u00e9rica. El que todav\u00eda no haya una respuesta oficial a lo que pas\u00f3 -tal parece que el Gobierno no tiene demasiada prisa- est\u00e1 dando p\u00e1bulo a todo tipo de especulaciones. Es decir, que se elucubre el por qu\u00e9 en cuesti\u00f3n de segundos el pa\u00eds se qued\u00f3 sin energ\u00eda. Algo que est\u00e1 resultando fatal puesto que ya no hablamos de si la factura de luz es cara, sino si tendremos un suministro estable. <strong>Esto es, el mosqueo generalizado viene por si habr\u00e1 otro apag\u00f3n total o parcial de estas caracter\u00edsticas.<\/strong> Es decir, si tendremos otro a nivel auton\u00f3mico o local. De hecho, el sentir general es que nadie se f\u00eda de lo que nos dicen. Si antes consider\u00e1bamos que este tipo de sucesos era propio de pa\u00edses m\u00e1s atrasados, ahora lo tenemos a la puerta de casa. Ojo, y en Asturias si cabe en mucha mayor medida.<\/p>\n\n\n\n<p>S\u00ed, porque somos una regi\u00f3n peculiar en el tema de la energ\u00eda. Pasamos de ser exportadores al resto de la red el\u00e9ctrica a ni siquiera tener fuentes de generaci\u00f3n propias. Si antes esta funci\u00f3n se hac\u00eda a trav\u00e9s de las centrales t\u00e9rmicas (de carb\u00f3n o ciclo combinado de gas) ahora solo tenemos la e\u00f3lica como respaldo. O sea, dependemos de que haga viento, puesto que el sol ya sabemos que es un recurso escaso en el para\u00edso natural. Al menos, esa es la apuesta del Principado. <strong>La transici\u00f3n energ\u00e9tica acelerada a la que nos hemos visto sometidos est\u00e1 sent\u00e1ndonos como un tiro. <\/strong>A la postre, nuestra industria se resiente y hasta tiene problemas de potencia. De hecho, alguna empresa (Asturiana de Zinc) despu\u00e9s de realizar inversiones ha tenido que paralizar la producci\u00f3n por problemas de abastecimiento. Todo ello, en una comunidad donde el 65 por ciento del consumo el\u00e9ctrico es industrial. <strong>Por tanto, \u00bfes posible que se produzca un apag\u00f3n solo a nivel asturiano? Perfectamente. El que ahora seamos una isla energ\u00e9tica lo pagaremos antes o despu\u00e9s.<\/strong> M\u00e1xime, cuando seguimos poniendo problemas a algo tan necesario como el almacenamiento. Me refiero, claro, a la pol\u00e9mica que existe por la implantaci\u00f3n de los parques de bater\u00edas. En esta crisis el\u00e9ctrica los asturianos tenemos mucho que perder, m\u00e1s si cabe que el resto de las comunidades. <strong>La desconfianza generada sobre el sistema nos afecta sobre manera.<\/strong> Nos jugamos, repito, mucho m\u00e1s que los dem\u00e1s.<\/p>\n\n\n\n<p><strong><em>@balbuenajm<\/em><\/strong><\/p>\n<!-- AddThis Advanced Settings generic via filter on the_content --><!-- AddThis Share Buttons generic via filter on the_content -->","protected":false},"excerpt":{"rendered":"<p>Contin\u00faa la incertidumbre sobre el cero energ\u00e9tico al que nos vimos sometidos. Ya saben, ese fat\u00eddico lunes 28 de abril donde nos quedamos sin electricidad en la pen\u00ednsula ib\u00e9rica. El que todav\u00eda no haya una respuesta oficial a lo que pas\u00f3 -tal parece que el Gobierno no tiene demasiada prisa- est\u00e1 dando p\u00e1bulo a todo [&hellip;]<!-- AddThis Advanced Settings generic via filter on get_the_excerpt --><!-- AddThis Share Buttons generic via filter on get_the_excerpt --><\/p>\n","protected":false},"author":5,"featured_media":8090,"comment_status":"open","ping_status":"open","sticky":false,"template":"","format":"standard","meta":[],"categories":[1],"tags":[1492,5,1495,1493,1284,1114,1494],"_links":{"self":[{"href":"https:\/\/blogs.elcomercio.es\/retorcida-realidad\/wp-json\/wp\/v2\/posts\/8089"}],"collection":[{"href":"https:\/\/blogs.elcomercio.es\/retorcida-realidad\/wp-json\/wp\/v2\/posts"}],"about":[{"href":"https:\/\/blogs.elcomercio.es\/retorcida-realidad\/wp-json\/wp\/v2\/types\/post"}],"author":[{"embeddable":true,"href":"https:\/\/blogs.elcomercio.es\/retorcida-realidad\/wp-json\/wp\/v2\/users\/5"}],"replies":[{"embeddable":true,"href":"https:\/\/blogs.elcomercio.es\/retorcida-realidad\/wp-json\/wp\/v2\/comments?post=8089"}],"version-history":[{"count":1,"href":"https:\/\/blogs.elcomercio.es\/retorcida-realidad\/wp-json\/wp\/v2\/posts\/8089\/revisions"}],"predecessor-version":[{"id":8091,"href":"https:\/\/blogs.elcomercio.es\/retorcida-realidad\/wp-json\/wp\/v2\/posts\/8089\/revisions\/8091"}],"wp:featuredmedia":[{"embeddable":true,"href":"https:\/\/blogs.elcomercio.es\/retorcida-realidad\/wp-json\/wp\/v2\/media\/8090"}],"wp:attachment":[{"href":"https:\/\/blogs.elcomercio.es\/retorcida-realidad\/wp-json\/wp\/v2\/media?parent=8089"}],"wp:term":[{"taxonomy":"category","embeddable":true,"href":"https:\/\/blogs.elcomercio.es\/retorcida-realidad\/wp-json\/wp\/v2\/categories?post=8089"},{"taxonomy":"post_tag","embeddable":true,"href":"https:\/\/blogs.elcomercio.es\/retorcida-realidad\/wp-json\/wp\/v2\/tags?post=8089"}],"curies":[{"name":"wp","href":"https:\/\/api.w.org\/{rel}","templated":true}]}}