{"id":8093,"date":"2025-05-10T07:03:02","date_gmt":"2025-05-10T05:03:02","guid":{"rendered":"https:\/\/blogs.elcomercio.es\/retorcida-realidad\/?p=8093"},"modified":"2025-05-10T07:03:04","modified_gmt":"2025-05-10T05:03:04","slug":"enredados","status":"publish","type":"post","link":"https:\/\/blogs.elcomercio.es\/retorcida-realidad\/2025\/05\/10\/enredados\/","title":{"rendered":"Enredados."},"content":{"rendered":"\n<p>Sigue la pol\u00e9mica por esa franja litoral que el Puerto se niega a ceder. Todo ello, pese a estar acordado en la venta de los terrenos del antiguo astillero de Naval Gij\u00f3n. Seg\u00fan pudieron leer ayer en estas mismas p\u00e1ginas, ahora a la Autoridad Portuaria le preocupa la actividad n\u00e1utica-deportiva. Es decir, una entidad que prev\u00e9 un tr\u00e1fico de mercanc\u00edas de 14,2 millones de toneladas est\u00e1 que no duerme por el amarre del yate de turno. De hecho, propone un convenio con el Ayuntamiento donde habla incluso del cierre de esa franja a los ciudadanos, cuando se est\u00e9n desarrollando actividades de forma temporal o permanente. Para nada, dice en dicho convenio que la titularidad pase a ser municipal, tal y como estaba contemplado. A eso, el PSOE gijon\u00e9s le da sus parabienes.<strong> Ojo, a pesar de que en su d\u00eda no puso ni una objeci\u00f3n a esa cesi\u00f3n gratuita. <\/strong>Es m\u00e1s, hasta critic\u00f3 que se pagasen 4,6 millones de euros por el terreno. La edil socialista, Mar\u00eda Pineda, ha dicho que en el consejo de administraci\u00f3n \u00abnadie se hab\u00eda dado cuenta de lo que implica perder el control de la l\u00e1mina de agua\u00bb. Vaya\u2026 Miren ustedes, aqu\u00ed de lo que hablamos es de algo m\u00e1s que una simple franja. <strong>Estamos ante una operaci\u00f3n pol\u00edtica de oposici\u00f3n al gobierno municipal a trav\u00e9s del Puerto.<\/strong> Ya no es que la Autoridad Portuaria tenga ganas de enredar, sino que ha enredado el asunto de mala manera. <strong>Entiendo que el Ayuntamiento debe mantenerse firme en el cumplimiento del trato. Hoy es por es 3.848 metros cuadrados de terreno y ma\u00f1ana, \u00bfqu\u00e9?<\/strong><\/p>\n\n\n\n<p><strong><em>@balbuenajm<\/em><\/strong><\/p>\n<!-- AddThis Advanced Settings generic via filter on the_content --><!-- AddThis Share Buttons generic via filter on the_content -->","protected":false},"excerpt":{"rendered":"<p>Sigue la pol\u00e9mica por esa franja litoral que el Puerto se niega a ceder. Todo ello, pese a estar acordado en la venta de los terrenos del antiguo astillero de Naval Gij\u00f3n. Seg\u00fan pudieron leer ayer en estas mismas p\u00e1ginas, ahora a la Autoridad Portuaria le preocupa la actividad n\u00e1utica-deportiva. Es decir, una entidad que [&hellip;]<!-- AddThis Advanced Settings generic via filter on get_the_excerpt --><!-- AddThis Share Buttons generic via filter on get_the_excerpt --><\/p>\n","protected":false},"author":5,"featured_media":8094,"comment_status":"open","ping_status":"open","sticky":false,"template":"","format":"standard","meta":[],"categories":[1],"tags":[489,312,14,17,1351,19],"_links":{"self":[{"href":"https:\/\/blogs.elcomercio.es\/retorcida-realidad\/wp-json\/wp\/v2\/posts\/8093"}],"collection":[{"href":"https:\/\/blogs.elcomercio.es\/retorcida-realidad\/wp-json\/wp\/v2\/posts"}],"about":[{"href":"https:\/\/blogs.elcomercio.es\/retorcida-realidad\/wp-json\/wp\/v2\/types\/post"}],"author":[{"embeddable":true,"href":"https:\/\/blogs.elcomercio.es\/retorcida-realidad\/wp-json\/wp\/v2\/users\/5"}],"replies":[{"embeddable":true,"href":"https:\/\/blogs.elcomercio.es\/retorcida-realidad\/wp-json\/wp\/v2\/comments?post=8093"}],"version-history":[{"count":1,"href":"https:\/\/blogs.elcomercio.es\/retorcida-realidad\/wp-json\/wp\/v2\/posts\/8093\/revisions"}],"predecessor-version":[{"id":8095,"href":"https:\/\/blogs.elcomercio.es\/retorcida-realidad\/wp-json\/wp\/v2\/posts\/8093\/revisions\/8095"}],"wp:featuredmedia":[{"embeddable":true,"href":"https:\/\/blogs.elcomercio.es\/retorcida-realidad\/wp-json\/wp\/v2\/media\/8094"}],"wp:attachment":[{"href":"https:\/\/blogs.elcomercio.es\/retorcida-realidad\/wp-json\/wp\/v2\/media?parent=8093"}],"wp:term":[{"taxonomy":"category","embeddable":true,"href":"https:\/\/blogs.elcomercio.es\/retorcida-realidad\/wp-json\/wp\/v2\/categories?post=8093"},{"taxonomy":"post_tag","embeddable":true,"href":"https:\/\/blogs.elcomercio.es\/retorcida-realidad\/wp-json\/wp\/v2\/tags?post=8093"}],"curies":[{"name":"wp","href":"https:\/\/api.w.org\/{rel}","templated":true}]}}