{"id":8097,"date":"2025-05-15T06:19:33","date_gmt":"2025-05-15T04:19:33","guid":{"rendered":"https:\/\/blogs.elcomercio.es\/retorcida-realidad\/?p=8097"},"modified":"2025-05-15T06:19:34","modified_gmt":"2025-05-15T04:19:34","slug":"oportunidad-generacional","status":"publish","type":"post","link":"https:\/\/blogs.elcomercio.es\/retorcida-realidad\/2025\/05\/15\/oportunidad-generacional\/","title":{"rendered":"Oportunidad generacional."},"content":{"rendered":"\n<p>Vaya por delante mi agradecimiento a la universidad p\u00fablica. M\u00e1s que nada, ya que debido a ella mi generaci\u00f3n consigui\u00f3 estudiar. Es decir, hizo su funci\u00f3n de ascensor social, tal y como quer\u00edan nuestros padres. En aquel entonces, obsesionados con que sus hijos e hijas dejaran atr\u00e1s el tipo de trabajo f\u00edsico que ellos hab\u00edan realizado. Sin embargo, en la vida todo evoluciona. Desde luego, en mis tiempos la universidad privada resultaba completamente elitista. Solo apta para unos pocos elegidos con progenitores de mucha pasta. Ahora, por suerte, las cosas han cambiado mucho. <strong>Para la clase media, la privada no est\u00e1 tan lejos. <\/strong>En el presente curso 2024-2025 tiene 452.952 estudiantes, buena prueba, como digo, de que no es tan dif\u00edcil acceder a este tipo de centros. Hab\u00eda solo 4 en 1990 y en la actualidad existen 46 en Espa\u00f1a. Pues bien, en esta tesitura el Gobierno central piensa endurecer su autorizaci\u00f3n. Es m\u00e1s, hasta utiliz\u00f3 el argumento de que algunas universidades eran aut\u00e9nticas \u00abf\u00e1bricas de t\u00edtulos\u00bb, con cierto \u00e1nimo de desprestigio. <strong>Todo ello, pese a que muchos miembros del Ejecutivo estudiaron o tienen a sus descendientes en ellas. <\/strong>En fin\u2026<\/p>\n\n\n\n<p>Este nuevo marco legal universitario afecta tambi\u00e9n a Asturias, inmersa en tres proyectos privados para Gij\u00f3n, Oviedo y Avil\u00e9s. Algo que, a mi juicio, complementar\u00eda la oferta de la Universidad de Oviedo. Cosa, por supuesto, que en nuestro para\u00edso de lo p\u00fablico no se ve as\u00ed. <strong>Ya saben, aqu\u00ed lo privado (sea un centro educativo, hospital o cualquier tipo de servicio) siempre se percibe como una amenaza.<\/strong> Pregunto, \u00bfpor qu\u00e9 queremos privar a los j\u00f3venes de esa posibilidad en nuestra comunidad, cuando en el resto llevan 32 a\u00f1os ofert\u00e1ndolo? \u00bfPor qu\u00e9 el Principado habla ahora matr\u00edcula gratuita en la Universidad de Oviedo para el primer curso en el 2025-2026? \u00bfNo es acaso una reacci\u00f3n ante la competencia que va a llegar? \u00bfNo es quiz\u00e1 ponerse a la defensiva? Estaremos pendientes del Real Decreto de Creaci\u00f3n, Reconocimiento y Autorizaci\u00f3n de Centros Universitarios que viene desde Madrid. Solo faltaba que alguno de estos proyectos -pienso en el de la Universidad Europea para Gij\u00f3n: 33 millones de euros de inversi\u00f3n y 14 titulaciones- se quedase por el camino ante este repentino af\u00e1n regulatorio. <strong>Solo faltaba que los j\u00f3venes asturianos y asturianas no pudiesen tener su oportunidad generacional, como la tuvimos los dem\u00e1s en su d\u00eda.<\/strong><\/p>\n\n\n\n<p><strong><em>@balbuenajm<\/em><\/strong><\/p>\n<!-- AddThis Advanced Settings generic via filter on the_content --><!-- AddThis Share Buttons generic via filter on the_content -->","protected":false},"excerpt":{"rendered":"<p>Vaya por delante mi agradecimiento a la universidad p\u00fablica. M\u00e1s que nada, ya que debido a ella mi generaci\u00f3n consigui\u00f3 estudiar. Es decir, hizo su funci\u00f3n de ascensor social, tal y como quer\u00edan nuestros padres. En aquel entonces, obsesionados con que sus hijos e hijas dejaran atr\u00e1s el tipo de trabajo f\u00edsico que ellos hab\u00edan [&hellip;]<!-- AddThis Advanced Settings generic via filter on get_the_excerpt --><!-- AddThis Share Buttons generic via filter on get_the_excerpt --><\/p>\n","protected":false},"author":5,"featured_media":8098,"comment_status":"open","ping_status":"open","sticky":false,"template":"","format":"standard","meta":[],"categories":[1],"tags":[5,132,17,1284,281,506,1496],"_links":{"self":[{"href":"https:\/\/blogs.elcomercio.es\/retorcida-realidad\/wp-json\/wp\/v2\/posts\/8097"}],"collection":[{"href":"https:\/\/blogs.elcomercio.es\/retorcida-realidad\/wp-json\/wp\/v2\/posts"}],"about":[{"href":"https:\/\/blogs.elcomercio.es\/retorcida-realidad\/wp-json\/wp\/v2\/types\/post"}],"author":[{"embeddable":true,"href":"https:\/\/blogs.elcomercio.es\/retorcida-realidad\/wp-json\/wp\/v2\/users\/5"}],"replies":[{"embeddable":true,"href":"https:\/\/blogs.elcomercio.es\/retorcida-realidad\/wp-json\/wp\/v2\/comments?post=8097"}],"version-history":[{"count":1,"href":"https:\/\/blogs.elcomercio.es\/retorcida-realidad\/wp-json\/wp\/v2\/posts\/8097\/revisions"}],"predecessor-version":[{"id":8099,"href":"https:\/\/blogs.elcomercio.es\/retorcida-realidad\/wp-json\/wp\/v2\/posts\/8097\/revisions\/8099"}],"wp:featuredmedia":[{"embeddable":true,"href":"https:\/\/blogs.elcomercio.es\/retorcida-realidad\/wp-json\/wp\/v2\/media\/8098"}],"wp:attachment":[{"href":"https:\/\/blogs.elcomercio.es\/retorcida-realidad\/wp-json\/wp\/v2\/media?parent=8097"}],"wp:term":[{"taxonomy":"category","embeddable":true,"href":"https:\/\/blogs.elcomercio.es\/retorcida-realidad\/wp-json\/wp\/v2\/categories?post=8097"},{"taxonomy":"post_tag","embeddable":true,"href":"https:\/\/blogs.elcomercio.es\/retorcida-realidad\/wp-json\/wp\/v2\/tags?post=8097"}],"curies":[{"name":"wp","href":"https:\/\/api.w.org\/{rel}","templated":true}]}}