{"id":81,"date":"2007-12-31T08:23:23","date_gmt":"2007-12-31T08:23:23","guid":{"rendered":"http:\/\/blogs.elcomercio.es\/retorcida-realidad\/?p=81"},"modified":"2007-12-31T08:23:23","modified_gmt":"2007-12-31T08:23:23","slug":"todas-ausencias","status":"publish","type":"post","link":"https:\/\/blogs.elcomercio.es\/retorcida-realidad\/2007\/12\/31\/todas-ausencias\/","title":{"rendered":"Todas las ausencias."},"content":{"rendered":"<p><big>La Navidad est\u00e1 llena de mensajes contradictorios. Formas de verla, dig\u00e1moslo as\u00ed, dispares y a veces chocantes. Hace poco pod\u00edamos ver a un obispo vasco (no recuerdo el nombre) se\u00f1alando la ausencia de seres queridos en Nochebuena. Dec\u00eda -y aqu\u00ed comienza la pol\u00e9mica- que muchas familias vizca\u00ednas sentir\u00edan la falta en la mesa de un ser querido por encontrarse \u00e9ste en la c\u00e1rcel (en clara referencia, claro est\u00e1, a los presos de la banda ETA). Si bien antes hab\u00eda mencionado el dolor de la v\u00edctimas, yo pregunto, \u00bfes comparable acaso el sufrimiento de quienes saben que su ser querido est\u00e1 lejos con aqu\u00e9llos que ya conocen que nunca volver\u00e1? \u00bfPuede acaso si quiera asimilarse su dolor? Por otra parte, un portavoz batasuno acus\u00f3 al Gobierno de asesinar a un familiar de preso etarra que, desgraciadamente, muri\u00f3 en accidente de tr\u00e1fico al ir a visitarlo. Bien, \u00bfpuede equiparse un fatal accidente con la muerte de dos ciudadanos en el atentado de Barajas? \u00bfPuede compararse un coche y una carretera con una pistola en la nuca? Todas las ausencias, cr\u00e9ame, no tienen el mismo valor.<\/big><\/p>\n<!-- AddThis Advanced Settings generic via filter on the_content --><!-- AddThis Share Buttons generic via filter on the_content -->","protected":false},"excerpt":{"rendered":"<p>La Navidad est\u00e1 llena de mensajes contradictorios. Formas de verla, dig\u00e1moslo as\u00ed, dispares y a veces chocantes. Hace poco pod\u00edamos ver a un obispo vasco (no recuerdo el nombre) se\u00f1alando la ausencia de seres queridos en Nochebuena. Dec\u00eda -y aqu\u00ed comienza la pol\u00e9mica- que muchas familias vizca\u00ednas sentir\u00edan la falta en la mesa de un [&hellip;]<!-- AddThis Advanced Settings generic via filter on get_the_excerpt --><!-- AddThis Share Buttons generic via filter on get_the_excerpt --><\/p>\n","protected":false},"author":5,"featured_media":0,"comment_status":"open","ping_status":"closed","sticky":false,"template":"","format":"standard","meta":[],"categories":[2],"tags":[],"_links":{"self":[{"href":"https:\/\/blogs.elcomercio.es\/retorcida-realidad\/wp-json\/wp\/v2\/posts\/81"}],"collection":[{"href":"https:\/\/blogs.elcomercio.es\/retorcida-realidad\/wp-json\/wp\/v2\/posts"}],"about":[{"href":"https:\/\/blogs.elcomercio.es\/retorcida-realidad\/wp-json\/wp\/v2\/types\/post"}],"author":[{"embeddable":true,"href":"https:\/\/blogs.elcomercio.es\/retorcida-realidad\/wp-json\/wp\/v2\/users\/5"}],"replies":[{"embeddable":true,"href":"https:\/\/blogs.elcomercio.es\/retorcida-realidad\/wp-json\/wp\/v2\/comments?post=81"}],"version-history":[{"count":0,"href":"https:\/\/blogs.elcomercio.es\/retorcida-realidad\/wp-json\/wp\/v2\/posts\/81\/revisions"}],"wp:attachment":[{"href":"https:\/\/blogs.elcomercio.es\/retorcida-realidad\/wp-json\/wp\/v2\/media?parent=81"}],"wp:term":[{"taxonomy":"category","embeddable":true,"href":"https:\/\/blogs.elcomercio.es\/retorcida-realidad\/wp-json\/wp\/v2\/categories?post=81"},{"taxonomy":"post_tag","embeddable":true,"href":"https:\/\/blogs.elcomercio.es\/retorcida-realidad\/wp-json\/wp\/v2\/tags?post=81"}],"curies":[{"name":"wp","href":"https:\/\/api.w.org\/{rel}","templated":true}]}}