{"id":8100,"date":"2025-05-17T06:38:01","date_gmt":"2025-05-17T04:38:01","guid":{"rendered":"https:\/\/blogs.elcomercio.es\/retorcida-realidad\/?p=8100"},"modified":"2025-05-17T06:38:01","modified_gmt":"2025-05-17T04:38:01","slug":"lo-que-quiera","status":"publish","type":"post","link":"https:\/\/blogs.elcomercio.es\/retorcida-realidad\/2025\/05\/17\/lo-que-quiera\/","title":{"rendered":"Lo que quiera."},"content":{"rendered":"\n<p><strong>Por lo visto, pactar algo con el Puerto tiene el valor de un euro de plomo. O sea, cero.<\/strong> Es lo que le est\u00e1 pasando al Ayuntamiento, despu\u00e9s de comprarle por 4,7 millones de euros un suelo completamente invendible a la iniciativa privada. Es m\u00e1s, la Autoridad Portuaria de Gij\u00f3n lo considera hasta normal. Esto es, haber anunciado a bombo y plantillo la cesi\u00f3n gratuita de una franja mar\u00edtima de 3.848 metros cuadrados, para ahora dar marcha atr\u00e1s con la llegada de los nuevos dirigentes. Todo ello, porque de repente cambiaron de opini\u00f3n y est\u00e1n muy preocupados por las actividades n\u00e1utico-deportivas. <strong>Como todos sabemos, el gran motor econ\u00f3mico de El Musel. <\/strong>F\u00edjense que hasta se re\u00fanen con representantes vecinales de la zona oeste para contarles milongas. Cosa, por cierto, que no hacen cuando tenemos episodios de contaminaci\u00f3n. Ah\u00ed nadie los llama. Les dicen que eso de la propiedad es una tonter\u00eda, puesto que esa franja estar\u00e1 a disposici\u00f3n de la ciudad. Eso s\u00ed, siempre que a ellos no se les ocurra cerrarla para cualquier evento, como pon\u00eda el borrador del convenio que enviaron al gobierno municipal. Ayer, tras m\u00e1s dos horas de debate en un Consejo Social impulsado desde el Ayuntamiento, la postura del Puerto contin\u00fao gran\u00edtica. Erre que erre con lo de la l\u00e1mina de agua, el convenio y un falso buenismo alucinante. Lo \u00fanico que sali\u00f3 adelante fue una reuni\u00f3n urgente entre Carmen Moriy\u00f3n y la presidenta de la Autoridad Portuaria, Nieves Roque\u00f1\u00ed. <strong>Que s\u00ed, se\u00f1ora Roque\u00f1\u00ed, lo que quiera, pero la acera es de Gij\u00f3n. Punto.<\/strong><\/p>\n\n\n\n<p><strong><em>S\u00edgueme en X <\/em><\/strong><\/p>\n\n\n\n<p><strong><em>@balbuenajm<\/em><\/strong><\/p>\n<!-- AddThis Advanced Settings generic via filter on the_content --><!-- AddThis Share Buttons generic via filter on the_content -->","protected":false},"excerpt":{"rendered":"<p>Por lo visto, pactar algo con el Puerto tiene el valor de un euro de plomo. O sea, cero. Es lo que le est\u00e1 pasando al Ayuntamiento, despu\u00e9s de comprarle por 4,7 millones de euros un suelo completamente invendible a la iniciativa privada. Es m\u00e1s, la Autoridad Portuaria de Gij\u00f3n lo considera hasta normal. Esto [&hellip;]<!-- AddThis Advanced Settings generic via filter on get_the_excerpt --><!-- AddThis Share Buttons generic via filter on get_the_excerpt --><\/p>\n","protected":false},"author":5,"featured_media":8101,"comment_status":"open","ping_status":"open","sticky":false,"template":"","format":"standard","meta":[],"categories":[1],"tags":[489,312,14,17,1351],"_links":{"self":[{"href":"https:\/\/blogs.elcomercio.es\/retorcida-realidad\/wp-json\/wp\/v2\/posts\/8100"}],"collection":[{"href":"https:\/\/blogs.elcomercio.es\/retorcida-realidad\/wp-json\/wp\/v2\/posts"}],"about":[{"href":"https:\/\/blogs.elcomercio.es\/retorcida-realidad\/wp-json\/wp\/v2\/types\/post"}],"author":[{"embeddable":true,"href":"https:\/\/blogs.elcomercio.es\/retorcida-realidad\/wp-json\/wp\/v2\/users\/5"}],"replies":[{"embeddable":true,"href":"https:\/\/blogs.elcomercio.es\/retorcida-realidad\/wp-json\/wp\/v2\/comments?post=8100"}],"version-history":[{"count":1,"href":"https:\/\/blogs.elcomercio.es\/retorcida-realidad\/wp-json\/wp\/v2\/posts\/8100\/revisions"}],"predecessor-version":[{"id":8102,"href":"https:\/\/blogs.elcomercio.es\/retorcida-realidad\/wp-json\/wp\/v2\/posts\/8100\/revisions\/8102"}],"wp:featuredmedia":[{"embeddable":true,"href":"https:\/\/blogs.elcomercio.es\/retorcida-realidad\/wp-json\/wp\/v2\/media\/8101"}],"wp:attachment":[{"href":"https:\/\/blogs.elcomercio.es\/retorcida-realidad\/wp-json\/wp\/v2\/media?parent=8100"}],"wp:term":[{"taxonomy":"category","embeddable":true,"href":"https:\/\/blogs.elcomercio.es\/retorcida-realidad\/wp-json\/wp\/v2\/categories?post=8100"},{"taxonomy":"post_tag","embeddable":true,"href":"https:\/\/blogs.elcomercio.es\/retorcida-realidad\/wp-json\/wp\/v2\/tags?post=8100"}],"curies":[{"name":"wp","href":"https:\/\/api.w.org\/{rel}","templated":true}]}}