{"id":8107,"date":"2025-05-24T07:59:05","date_gmt":"2025-05-24T05:59:05","guid":{"rendered":"https:\/\/blogs.elcomercio.es\/retorcida-realidad\/?p=8107"},"modified":"2025-05-24T07:59:05","modified_gmt":"2025-05-24T05:59:05","slug":"en-direccion-contraria","status":"publish","type":"post","link":"https:\/\/blogs.elcomercio.es\/retorcida-realidad\/2025\/05\/24\/en-direccion-contraria\/","title":{"rendered":"En direcci\u00f3n contraria."},"content":{"rendered":"\n<p>Ante la reuni\u00f3n del pr\u00f3ximo martes entre la Autoridad Portuaria y el Ayuntamiento debemos tener las cosas claras. Esto es, que esta pol\u00e9mica surge ante un incumplimiento: el Puerto incluy\u00f3 en la venta de los terrenos de Naval Gij\u00f3n la cesi\u00f3n gratuita de una franja que ahora se niega a entregar. <strong>Lo digo porque no es una cuesti\u00f3n de politiqueo, sino de que una de las partes de la compraventa no quiere cumplir. Tan sencillo como eso.<\/strong> No es verdad que da igual de qui\u00e9n sea la propiedad, puesto que los 3.848 metros cuadrados siempre ser\u00e1n p\u00fablicos. Hay una diferencia sustancial entre que sea de los gijoneses o de la Autoridad Portuaria. Por ejemplo, su futuro uso \u2013 la instalaci\u00f3n de unas terrazas hosteleras, sin ir m\u00e1s lejos- lo decidir\u00e1 y cobrar\u00e1 la ciudad o el ente portuario. Tampoco tiene nada que ver con lo que se hizo en Fomento, Poniente o El Arbeyal. Entre otras cosas, puesto que no hab\u00eda un cheque de 4,7 millones de euros por el medio. <strong>Por tanto, la que podemos denominar como la \u00abcrisis de la acera\u00bb solo hay alguien que puede resolverla: los dirigentes del Puerto.<\/strong> <strong>No tienen m\u00e1s que cumplir lo firmado.<\/strong> Pues bien, as\u00ed lo entiende toda la Corporaci\u00f3n, menos el socialismo local que circula en direcci\u00f3n contraria. Al menos, es lo que vimos ayer en la reuni\u00f3n de la alcaldesa, <em>Carmen Moriy\u00f3n<\/em>, con los portavoces de los grupos municipales. Es m\u00e1s, supongo que si el color pol\u00edtico fuese diferente -el PSOE estuviese gobernando el Consistorio y El Musel en manos de Foro- pondr\u00edan el grito en el cielo.<\/p>\n\n\n\n<p><strong><em>S\u00edgueme en X<\/em><\/strong><\/p>\n\n\n\n<p><strong><em>@balbuenajm<\/em><\/strong><\/p>\n<!-- AddThis Advanced Settings generic via filter on the_content --><!-- AddThis Share Buttons generic via filter on the_content -->","protected":false},"excerpt":{"rendered":"<p>Ante la reuni\u00f3n del pr\u00f3ximo martes entre la Autoridad Portuaria y el Ayuntamiento debemos tener las cosas claras. Esto es, que esta pol\u00e9mica surge ante un incumplimiento: el Puerto incluy\u00f3 en la venta de los terrenos de Naval Gij\u00f3n la cesi\u00f3n gratuita de una franja que ahora se niega a entregar. Lo digo porque no [&hellip;]<!-- AddThis Advanced Settings generic via filter on get_the_excerpt --><!-- AddThis Share Buttons generic via filter on get_the_excerpt --><\/p>\n","protected":false},"author":5,"featured_media":8108,"comment_status":"open","ping_status":"open","sticky":false,"template":"","format":"standard","meta":[],"categories":[1],"tags":[489,312,14,17,1351,250],"_links":{"self":[{"href":"https:\/\/blogs.elcomercio.es\/retorcida-realidad\/wp-json\/wp\/v2\/posts\/8107"}],"collection":[{"href":"https:\/\/blogs.elcomercio.es\/retorcida-realidad\/wp-json\/wp\/v2\/posts"}],"about":[{"href":"https:\/\/blogs.elcomercio.es\/retorcida-realidad\/wp-json\/wp\/v2\/types\/post"}],"author":[{"embeddable":true,"href":"https:\/\/blogs.elcomercio.es\/retorcida-realidad\/wp-json\/wp\/v2\/users\/5"}],"replies":[{"embeddable":true,"href":"https:\/\/blogs.elcomercio.es\/retorcida-realidad\/wp-json\/wp\/v2\/comments?post=8107"}],"version-history":[{"count":1,"href":"https:\/\/blogs.elcomercio.es\/retorcida-realidad\/wp-json\/wp\/v2\/posts\/8107\/revisions"}],"predecessor-version":[{"id":8109,"href":"https:\/\/blogs.elcomercio.es\/retorcida-realidad\/wp-json\/wp\/v2\/posts\/8107\/revisions\/8109"}],"wp:featuredmedia":[{"embeddable":true,"href":"https:\/\/blogs.elcomercio.es\/retorcida-realidad\/wp-json\/wp\/v2\/media\/8108"}],"wp:attachment":[{"href":"https:\/\/blogs.elcomercio.es\/retorcida-realidad\/wp-json\/wp\/v2\/media?parent=8107"}],"wp:term":[{"taxonomy":"category","embeddable":true,"href":"https:\/\/blogs.elcomercio.es\/retorcida-realidad\/wp-json\/wp\/v2\/categories?post=8107"},{"taxonomy":"post_tag","embeddable":true,"href":"https:\/\/blogs.elcomercio.es\/retorcida-realidad\/wp-json\/wp\/v2\/tags?post=8107"}],"curies":[{"name":"wp","href":"https:\/\/api.w.org\/{rel}","templated":true}]}}