{"id":8110,"date":"2025-05-28T06:43:08","date_gmt":"2025-05-28T04:43:08","guid":{"rendered":"https:\/\/blogs.elcomercio.es\/retorcida-realidad\/?p=8110"},"modified":"2025-05-28T06:43:09","modified_gmt":"2025-05-28T04:43:09","slug":"ser-rico","status":"publish","type":"post","link":"https:\/\/blogs.elcomercio.es\/retorcida-realidad\/2025\/05\/28\/ser-rico\/","title":{"rendered":"Ser rico."},"content":{"rendered":"\n<p>Sabido es que nuestra fiscalidad resulta peculiar. Esto es, se mueve por par\u00e1metros distintos a los del resto de comunidades. De hecho, lo que todas hacen de forma habitual por estas fechas, o sea, formular un sistema de deducciones en el Impuesto de la Renta de las Personas F\u00edsicas (IRPF), aqu\u00ed lo llamamos pomposamente la <em>\u00abv\u00eda fiscal asturiana\u00bb<\/em>. <strong>Vamos, como si se hubiese inventado y solo se ofreciese aqu\u00ed en exclusiva. <\/strong>Otra caracter\u00edstica propia de nuestro sistema es la b\u00fasqueda y persecuci\u00f3n de los que consideramos ricos. Es decir, a quienes ganan por encima de una renta determinada y que, como solemos o\u00edr de forma machacona, tienen que contribuir m\u00e1s. <strong>Oigan, como si eso no ocurriese ya en el sistema fiscal espa\u00f1ol que fue creado bajo la premisa de progresividad.<\/strong> Ahora bien, el problema en nuestro para\u00edso natural, digo, es a qui\u00e9n vemos como ricos. S\u00ed, porque no hablamos de fortunas de millones de euros, sino que mete en el saco directamente a la clase media. Solo hace falta ver la \u00faltima reforma propuesta por el Gobierno asturiano en el IRPF. Baja los tipos para el primer tramo de rentas hasta 12.450 euros (gracias, Catalu\u00f1a, contigo empez\u00f3 todo), para luego ir neutraliz\u00e1ndolo hasta quienes ganan 55.000 euros anuales. A partir de ah\u00ed esa peque\u00f1a reducci\u00f3n desaparece. <strong>En resumen, que en Asturias esta es la fr<\/strong>ontera para ser considerado como pudiente.<\/p>\n\n\n\n<p>As\u00ed, un notario, dentista, abogado, m\u00e9dico especialista o cualquier profesional con cierto \u00e9xito es considerado fiscalmente como acaudalado. Insisto, no hay que ir tampoco a buscar yates por los puertos deportivos asturianos, sino que tenemos bastantes muy cerca de casa. <strong>Entre otras cosas, puesto que los millonarios de verdad -los que tienen patrimonio y cuentas de muchos ceros- hace tiempo que se fueron de la regi\u00f3n.<\/strong> F\u00edjese que en esta \u00abreformina\u00bb se sube el tipo a las rentas por encima de 175.000 euros pasando del 25,5 al 26 %. Sin embargo, \u00bfpiensan que esto afectar\u00e1 de manera significativa a la recaudaci\u00f3n? En absoluto, no hay m\u00e1s de 500 o 600 declaraciones en Asturias que superen esa cantidad. <strong>Por tanto, el problema est\u00e1 en que se cree que la clase media es opulenta y por eso hay que desplumarla.<\/strong> Ah, y luego tenemos que escuchar al presidente del Principado, <em>Adri\u00e1n Barb\u00f3n,<\/em> decir en Madrid (sin duda, el mejor lugar para las comparaciones odiosas) que \u00ab<em>empezamos a parecernos a un para\u00edso fiscal\u00bb.<\/em> \u00bfDe verdad? \u00bfEn serio?<\/p>\n\n\n\n<p><strong><em>S\u00edgueme en X<\/em><\/strong><\/p>\n\n\n\n<p><strong><em>@balbuenajm<\/em><\/strong><\/p>\n<!-- AddThis Advanced Settings generic via filter on the_content --><!-- AddThis Share Buttons generic via filter on the_content -->","protected":false},"excerpt":{"rendered":"<p>Sabido es que nuestra fiscalidad resulta peculiar. Esto es, se mueve por par\u00e1metros distintos a los del resto de comunidades. De hecho, lo que todas hacen de forma habitual por estas fechas, o sea, formular un sistema de deducciones en el Impuesto de la Renta de las Personas F\u00edsicas (IRPF), aqu\u00ed lo llamamos pomposamente la [&hellip;]<!-- AddThis Advanced Settings generic via filter on get_the_excerpt --><!-- AddThis Share Buttons generic via filter on get_the_excerpt --><\/p>\n","protected":false},"author":5,"featured_media":8111,"comment_status":"open","ping_status":"open","sticky":false,"template":"","format":"standard","meta":[],"categories":[1],"tags":[140,5,1211,1284,1210,305,58],"_links":{"self":[{"href":"https:\/\/blogs.elcomercio.es\/retorcida-realidad\/wp-json\/wp\/v2\/posts\/8110"}],"collection":[{"href":"https:\/\/blogs.elcomercio.es\/retorcida-realidad\/wp-json\/wp\/v2\/posts"}],"about":[{"href":"https:\/\/blogs.elcomercio.es\/retorcida-realidad\/wp-json\/wp\/v2\/types\/post"}],"author":[{"embeddable":true,"href":"https:\/\/blogs.elcomercio.es\/retorcida-realidad\/wp-json\/wp\/v2\/users\/5"}],"replies":[{"embeddable":true,"href":"https:\/\/blogs.elcomercio.es\/retorcida-realidad\/wp-json\/wp\/v2\/comments?post=8110"}],"version-history":[{"count":1,"href":"https:\/\/blogs.elcomercio.es\/retorcida-realidad\/wp-json\/wp\/v2\/posts\/8110\/revisions"}],"predecessor-version":[{"id":8112,"href":"https:\/\/blogs.elcomercio.es\/retorcida-realidad\/wp-json\/wp\/v2\/posts\/8110\/revisions\/8112"}],"wp:featuredmedia":[{"embeddable":true,"href":"https:\/\/blogs.elcomercio.es\/retorcida-realidad\/wp-json\/wp\/v2\/media\/8111"}],"wp:attachment":[{"href":"https:\/\/blogs.elcomercio.es\/retorcida-realidad\/wp-json\/wp\/v2\/media?parent=8110"}],"wp:term":[{"taxonomy":"category","embeddable":true,"href":"https:\/\/blogs.elcomercio.es\/retorcida-realidad\/wp-json\/wp\/v2\/categories?post=8110"},{"taxonomy":"post_tag","embeddable":true,"href":"https:\/\/blogs.elcomercio.es\/retorcida-realidad\/wp-json\/wp\/v2\/tags?post=8110"}],"curies":[{"name":"wp","href":"https:\/\/api.w.org\/{rel}","templated":true}]}}