{"id":8113,"date":"2025-05-31T07:45:40","date_gmt":"2025-05-31T05:45:40","guid":{"rendered":"https:\/\/blogs.elcomercio.es\/retorcida-realidad\/?p=8113"},"modified":"2025-05-31T07:45:41","modified_gmt":"2025-05-31T05:45:41","slug":"me-abruma","status":"publish","type":"post","link":"https:\/\/blogs.elcomercio.es\/retorcida-realidad\/2025\/05\/31\/me-abruma\/","title":{"rendered":"Me abruma."},"content":{"rendered":"\n<p>Despu\u00e9s de las dos reuniones de esta semana entre el Puerto y Ayuntamiento seguimos igual. Es decir, la Autoridad Portuaria no contempla en ning\u00fan caso la cesi\u00f3n de la titularidad de la franja mar\u00edtima, tal y como estaba firmado. Es m\u00e1s, parece que ahora acepta incorporarse al proyecto de Naval Azul como due\u00f1o (siempre como propietario, claro) de ese 6 por ciento del terreno. Algo, sin duda, que ya se le ofreci\u00f3 y fue rechazado antes de la venta de los 35.000 metros cuadrados. <strong>En aquel entonces, lo \u00fanico importante era coger la pasta y punto. Jam\u00e1s quisieron participar en f\u00f3rmula alguna de cooperaci\u00f3n.<\/strong> Incluso para la anterior direcci\u00f3n de El Musel, encabezada por su defenestrado presidente, Laureano Lourido, esa franja litoral hoy en disputa no ten\u00eda ning\u00fan valor. Sin embargo, con los actuales dirigentes las actividades n\u00e1utico-deportivas y lo que se pueda hacer en el Plan Especial de Reforma Interior (PERI) de Naval, tal parece que les quite el sue\u00f1o. No vaya a ser que resulte un \u00e9xito y se lo apunte el equipo de gobierno. Por eso, estas reuniones no son m\u00e1s que dar vueltas y m\u00e1s vueltas. <strong>Esto es, buscar f\u00f3rmulas para que un incumplimiento clamoroso con Gij\u00f3n quede camuflado, entrar en el proyecto y poder as\u00ed ser \u00abcaballo de Troya\u00bb. <\/strong>O sea, a ver si encuentran un hilo donde tirar para descoser toda la operaci\u00f3n. F\u00edjense que hasta pretenden, no solo urbanizar esa acera de 9 metros que deber\u00eda ser de la ciudad, sino ampliarlo a otros 20 metros de servidumbre de costas. Como ven, tanta generosidad me abruma.<\/p>\n\n\n\n<p><strong><em>S\u00edgueme en X<\/em><\/strong><\/p>\n\n\n\n<p><strong><em>@balbuenajm<\/em><\/strong><\/p>\n<!-- AddThis Advanced Settings generic via filter on the_content --><!-- AddThis Share Buttons generic via filter on the_content -->","protected":false},"excerpt":{"rendered":"<p>Despu\u00e9s de las dos reuniones de esta semana entre el Puerto y Ayuntamiento seguimos igual. Es decir, la Autoridad Portuaria no contempla en ning\u00fan caso la cesi\u00f3n de la titularidad de la franja mar\u00edtima, tal y como estaba firmado. Es m\u00e1s, parece que ahora acepta incorporarse al proyecto de Naval Azul como due\u00f1o (siempre como [&hellip;]<!-- AddThis Advanced Settings generic via filter on get_the_excerpt --><!-- AddThis Share Buttons generic via filter on get_the_excerpt --><\/p>\n","protected":false},"author":5,"featured_media":8114,"comment_status":"open","ping_status":"open","sticky":false,"template":"","format":"standard","meta":[],"categories":[1],"tags":[489,312,14,17,1351],"_links":{"self":[{"href":"https:\/\/blogs.elcomercio.es\/retorcida-realidad\/wp-json\/wp\/v2\/posts\/8113"}],"collection":[{"href":"https:\/\/blogs.elcomercio.es\/retorcida-realidad\/wp-json\/wp\/v2\/posts"}],"about":[{"href":"https:\/\/blogs.elcomercio.es\/retorcida-realidad\/wp-json\/wp\/v2\/types\/post"}],"author":[{"embeddable":true,"href":"https:\/\/blogs.elcomercio.es\/retorcida-realidad\/wp-json\/wp\/v2\/users\/5"}],"replies":[{"embeddable":true,"href":"https:\/\/blogs.elcomercio.es\/retorcida-realidad\/wp-json\/wp\/v2\/comments?post=8113"}],"version-history":[{"count":1,"href":"https:\/\/blogs.elcomercio.es\/retorcida-realidad\/wp-json\/wp\/v2\/posts\/8113\/revisions"}],"predecessor-version":[{"id":8115,"href":"https:\/\/blogs.elcomercio.es\/retorcida-realidad\/wp-json\/wp\/v2\/posts\/8113\/revisions\/8115"}],"wp:featuredmedia":[{"embeddable":true,"href":"https:\/\/blogs.elcomercio.es\/retorcida-realidad\/wp-json\/wp\/v2\/media\/8114"}],"wp:attachment":[{"href":"https:\/\/blogs.elcomercio.es\/retorcida-realidad\/wp-json\/wp\/v2\/media?parent=8113"}],"wp:term":[{"taxonomy":"category","embeddable":true,"href":"https:\/\/blogs.elcomercio.es\/retorcida-realidad\/wp-json\/wp\/v2\/categories?post=8113"},{"taxonomy":"post_tag","embeddable":true,"href":"https:\/\/blogs.elcomercio.es\/retorcida-realidad\/wp-json\/wp\/v2\/tags?post=8113"}],"curies":[{"name":"wp","href":"https:\/\/api.w.org\/{rel}","templated":true}]}}