{"id":8153,"date":"2025-08-02T06:59:21","date_gmt":"2025-08-02T04:59:21","guid":{"rendered":"https:\/\/blogs.elcomercio.es\/retorcida-realidad\/?p=8153"},"modified":"2025-08-02T06:59:22","modified_gmt":"2025-08-02T04:59:22","slug":"el-progreso","status":"publish","type":"post","link":"https:\/\/blogs.elcomercio.es\/retorcida-realidad\/2025\/08\/02\/el-progreso\/","title":{"rendered":"El progreso"},"content":{"rendered":"\n<p>Miren ustedes, esta semana tuvimos una muy buena noticia en la ciudad. No se trata de la celebraci\u00f3n de ninguna fiesta, jolgorio o algo parecido; como suele ser habitual por estas fechas. Simplemente, vamos a mantener el sector industrial en Gij\u00f3n. Esto es, la compra de El Taller\u00f3n de Duro Felguera por parte de la empresa Indra representa todo un espaldarazo a nuestra centenaria tradici\u00f3n manufacturera. No solo porque aqu\u00ed se fabricar\u00e1n veh\u00edculos militares blindados a nivel europeo, sino tambi\u00e9n al conservar 156 puestos de trabajo que estaban en el aire. Yo dir\u00eda que pr\u00e1cticamente perdidos. Por tanto, la costa oeste gijonesa producir\u00e1 barcos y carros militares para el Ministerio de Defensa. <strong>Oigan, y pobre de la ciudad que no fabrique nada. Es decir, donde el ocio sea lo \u00fanico a vender, puesto que terminar\u00e1 con todas las patolog\u00edas de quien solo vive del turismo como monocultivo. <\/strong>A la postre, poblaci\u00f3n local m\u00e1s empobrecida, estacionalidad y empleo temporal a tutipl\u00e9n. Si alguien tiene duda de por d\u00f3nde debe ir el futuro de Gij\u00f3n, la zona oeste nos est\u00e1 mostrando cu\u00e1l debe ser su motor de progreso. Al proyecto de Naval Azul -basado en la llamada econom\u00eda del mar- se suma ahora el de la industria de defensa. En la actualidad, en pleno auge por cuestiones geoestrat\u00e9gicas mundiales. Por tanto, damos la bienvenida al proyecto de Indra y ojal\u00e1 solo sea el comienzo de muchas m\u00e1s inversiones en el concejo.<strong> Por cierto, muy necesarias en una ciudad donde a veces parece que se apuesta solo por el chigre.<\/strong><\/p>\n\n\n\n<p><strong><em>S\u00edgueme en X<\/em><\/strong><\/p>\n\n\n\n<p><strong><em>@balbuenajm<\/em><\/strong><\/p>\n<!-- AddThis Advanced Settings generic via filter on the_content --><!-- AddThis Share Buttons generic via filter on the_content -->","protected":false},"excerpt":{"rendered":"<p>Miren ustedes, esta semana tuvimos una muy buena noticia en la ciudad. No se trata de la celebraci\u00f3n de ninguna fiesta, jolgorio o algo parecido; como suele ser habitual por estas fechas. Simplemente, vamos a mantener el sector industrial en Gij\u00f3n. Esto es, la compra de El Taller\u00f3n de Duro Felguera por parte de la [&hellip;]<!-- AddThis Advanced Settings generic via filter on get_the_excerpt --><!-- AddThis Share Buttons generic via filter on get_the_excerpt --><\/p>\n","protected":false},"author":5,"featured_media":8152,"comment_status":"open","ping_status":"open","sticky":false,"template":"","format":"standard","meta":[],"categories":[1],"tags":[312,847,17,1508,1114,404],"_links":{"self":[{"href":"https:\/\/blogs.elcomercio.es\/retorcida-realidad\/wp-json\/wp\/v2\/posts\/8153"}],"collection":[{"href":"https:\/\/blogs.elcomercio.es\/retorcida-realidad\/wp-json\/wp\/v2\/posts"}],"about":[{"href":"https:\/\/blogs.elcomercio.es\/retorcida-realidad\/wp-json\/wp\/v2\/types\/post"}],"author":[{"embeddable":true,"href":"https:\/\/blogs.elcomercio.es\/retorcida-realidad\/wp-json\/wp\/v2\/users\/5"}],"replies":[{"embeddable":true,"href":"https:\/\/blogs.elcomercio.es\/retorcida-realidad\/wp-json\/wp\/v2\/comments?post=8153"}],"version-history":[{"count":1,"href":"https:\/\/blogs.elcomercio.es\/retorcida-realidad\/wp-json\/wp\/v2\/posts\/8153\/revisions"}],"predecessor-version":[{"id":8154,"href":"https:\/\/blogs.elcomercio.es\/retorcida-realidad\/wp-json\/wp\/v2\/posts\/8153\/revisions\/8154"}],"wp:featuredmedia":[{"embeddable":true,"href":"https:\/\/blogs.elcomercio.es\/retorcida-realidad\/wp-json\/wp\/v2\/media\/8152"}],"wp:attachment":[{"href":"https:\/\/blogs.elcomercio.es\/retorcida-realidad\/wp-json\/wp\/v2\/media?parent=8153"}],"wp:term":[{"taxonomy":"category","embeddable":true,"href":"https:\/\/blogs.elcomercio.es\/retorcida-realidad\/wp-json\/wp\/v2\/categories?post=8153"},{"taxonomy":"post_tag","embeddable":true,"href":"https:\/\/blogs.elcomercio.es\/retorcida-realidad\/wp-json\/wp\/v2\/tags?post=8153"}],"curies":[{"name":"wp","href":"https:\/\/api.w.org\/{rel}","templated":true}]}}