{"id":8214,"date":"2025-11-15T07:47:47","date_gmt":"2025-11-15T06:47:47","guid":{"rendered":"https:\/\/blogs.elcomercio.es\/retorcida-realidad\/?p=8214"},"modified":"2025-11-15T07:47:47","modified_gmt":"2025-11-15T06:47:47","slug":"marcha-atras","status":"publish","type":"post","link":"https:\/\/blogs.elcomercio.es\/retorcida-realidad\/2025\/11\/15\/marcha-atras\/","title":{"rendered":"Marcha atr\u00e1s."},"content":{"rendered":"\n<p><strong>Seamos sinceros: a nadie le gusta tener al lado determinados servicios sociales. <\/strong>Esto es, padecer los efectos colaterales que genera est\u00e1 atenci\u00f3n humanitaria. Bien lo sabemos en el barrio de Laviada ya que, desde 1995, fecha en la que se traslad\u00f3 el Albergue Covadonga a la calle Diario El Comercio, los venimos sufriendo. Hablo de cosas como parques colonizados por los sintecho (ahuyentando al resto de usuarios), peleas entre ellos (incluso con muertes) o el transito err\u00e1tico de personas de un lado para otro (con sus enseres y dem\u00e1s parafernalia). Sin ir m\u00e1s lejos, el aparcamiento que est\u00e1 enfrente del albergue es el m\u00e1s disuasorio del mundo: nadie estaciona all\u00ed su veh\u00edculo. Por eso, entiendo que los vecinos del Natahoyo se opongan a su traslado, eso s\u00ed, provisional, al Hogar de San Jos\u00e9. <strong>Literalmente dicen que no quieren convertirse en \u00ab<em>otro Laviada<\/em>\u00bb, como forma de comparaci\u00f3n odiosa. E<\/strong>l pasado lunes, nuestra alcaldesa, <em>Carmen Moriy\u00f3n<\/em>, sufri\u00f3 un escrache en toda regla. Fue insultada y perseguida por un grupo de vecinos, contrarios a la llegada de este equipamiento. Pues bien, ha vuelto a suceder lo mismo que en 2011: el Ayuntamiento da marcha atr\u00e1s en su decisi\u00f3n. Quiere buscar una soluci\u00f3n de consenso que no genere crispaci\u00f3n. <strong>Pregunto, \u00bfqu\u00e9 barrio de Gij\u00f3n se ofrece voluntario a acoger este servicio social? <\/strong>Si su traslado provisional no es a El Natahoyo, como estaba previsto, \u00bfd\u00f3nde va a ser bien recibido? <strong>Mientras tanto, por lo visto, en Laviada seguiremos siendo los \u00fanicos que sufrimos en silencio.<\/strong><\/p>\n\n\n\n<p><strong><em>S\u00edgueme en X<\/em><\/strong><\/p>\n\n\n\n<p><strong><em>@<\/em><\/strong><em><strong>balbuenajm<\/strong><\/em><\/p>\n<!-- AddThis Advanced Settings generic via filter on the_content --><!-- AddThis Share Buttons generic via filter on the_content -->","protected":false},"excerpt":{"rendered":"<p>Seamos sinceros: a nadie le gusta tener al lado determinados servicios sociales. Esto es, padecer los efectos colaterales que genera est\u00e1 atenci\u00f3n humanitaria. Bien lo sabemos en el barrio de Laviada ya que, desde 1995, fecha en la que se traslad\u00f3 el Albergue Covadonga a la calle Diario El Comercio, los venimos sufriendo. Hablo de [&hellip;]<!-- AddThis Advanced Settings generic via filter on get_the_excerpt --><!-- AddThis Share Buttons generic via filter on get_the_excerpt --><\/p>\n","protected":false},"author":5,"featured_media":8215,"comment_status":"open","ping_status":"open","sticky":false,"template":"","format":"standard","meta":[],"categories":[1],"tags":[1524,312,125,17,56,1334],"_links":{"self":[{"href":"https:\/\/blogs.elcomercio.es\/retorcida-realidad\/wp-json\/wp\/v2\/posts\/8214"}],"collection":[{"href":"https:\/\/blogs.elcomercio.es\/retorcida-realidad\/wp-json\/wp\/v2\/posts"}],"about":[{"href":"https:\/\/blogs.elcomercio.es\/retorcida-realidad\/wp-json\/wp\/v2\/types\/post"}],"author":[{"embeddable":true,"href":"https:\/\/blogs.elcomercio.es\/retorcida-realidad\/wp-json\/wp\/v2\/users\/5"}],"replies":[{"embeddable":true,"href":"https:\/\/blogs.elcomercio.es\/retorcida-realidad\/wp-json\/wp\/v2\/comments?post=8214"}],"version-history":[{"count":1,"href":"https:\/\/blogs.elcomercio.es\/retorcida-realidad\/wp-json\/wp\/v2\/posts\/8214\/revisions"}],"predecessor-version":[{"id":8216,"href":"https:\/\/blogs.elcomercio.es\/retorcida-realidad\/wp-json\/wp\/v2\/posts\/8214\/revisions\/8216"}],"wp:featuredmedia":[{"embeddable":true,"href":"https:\/\/blogs.elcomercio.es\/retorcida-realidad\/wp-json\/wp\/v2\/media\/8215"}],"wp:attachment":[{"href":"https:\/\/blogs.elcomercio.es\/retorcida-realidad\/wp-json\/wp\/v2\/media?parent=8214"}],"wp:term":[{"taxonomy":"category","embeddable":true,"href":"https:\/\/blogs.elcomercio.es\/retorcida-realidad\/wp-json\/wp\/v2\/categories?post=8214"},{"taxonomy":"post_tag","embeddable":true,"href":"https:\/\/blogs.elcomercio.es\/retorcida-realidad\/wp-json\/wp\/v2\/tags?post=8214"}],"curies":[{"name":"wp","href":"https:\/\/api.w.org\/{rel}","templated":true}]}}