{"id":8218,"date":"2025-11-22T07:19:20","date_gmt":"2025-11-22T06:19:20","guid":{"rendered":"https:\/\/blogs.elcomercio.es\/retorcida-realidad\/?p=8218"},"modified":"2025-11-22T07:19:21","modified_gmt":"2025-11-22T06:19:21","slug":"sudar-la-camiseta","status":"publish","type":"post","link":"https:\/\/blogs.elcomercio.es\/retorcida-realidad\/2025\/11\/22\/sudar-la-camiseta\/","title":{"rendered":"Sudar la camiseta."},"content":{"rendered":"\n<p>En Gij\u00f3n (y Asturias) a lo privado le cuesta mucho implantarse. <strong>M\u00e1s si cabe, cuando supone competencia a cualquier servicio p\u00fablico. <\/strong>Es el caso de la Universidad Europea en sus terrenos de la avenida de la Pecuaria. Un proyecto que intenta hacer realidad el primer campus universitario privado en nuestro para\u00edso natural: 33 millones de euros de inversi\u00f3n, m\u00e1s de 3.000 estudiantes y la creaci\u00f3n de hasta 400 empleos. Pues bien, esta misma semana supimos que la instituci\u00f3n acad\u00e9mica, ante las trabas del nuevo marco regulatorio aprobado desde el Gobierno central, ha optado por empezar a funcionar como centro adscrito. Es decir, durante el curso 2027-2028, seg\u00fan las previsiones, comenzar\u00e1 a realizar su labor docente, eso s\u00ed, sin ser un campus. <strong>Como ven, un rev\u00e9s importante a la hora de consolidar el proyecto que se queda sin plazos al depender de la burocracia.<\/strong> A esto tenemos que unir lo del hospital de Quir\u00f3n en el barrio de Nuevo Gij\u00f3n, con tres frentes judiciales abiertos que tratan de impedir su apertura. Algo que jam\u00e1s suceder\u00eda en caso de ser p\u00fablico. <strong>M\u00e1s bien, ser\u00eda todo lo contrario: halagos y parabienes por su llegada<\/strong>. Sumemos tambi\u00e9n el bloqueo que la consejer\u00eda de Vivienda ejerce sobre el \u201cPlan Llave\u201d del Ayuntamiento. Ya saben, la cooperaci\u00f3n p\u00fablico-privada para construir viviendas de protecci\u00f3n. A la postre, en opini\u00f3n del consejero del ramo, un sistema que fomenta la usura, especulaci\u00f3n, blablabl\u00e1. <strong>Conclusi\u00f3n: aqu\u00ed cualquier inversi\u00f3n privada tiene que sudar la camiseta.<\/strong><\/p>\n\n\n\n<p><strong><em>S\u00edgueme en X<\/em><\/strong><\/p>\n\n\n\n<p><strong><em>@balbuenajm<\/em><\/strong><\/p>\n<!-- AddThis Advanced Settings generic via filter on the_content --><!-- AddThis Share Buttons generic via filter on the_content -->","protected":false},"excerpt":{"rendered":"<p>En Gij\u00f3n (y Asturias) a lo privado le cuesta mucho implantarse. M\u00e1s si cabe, cuando supone competencia a cualquier servicio p\u00fablico. Es el caso de la Universidad Europea en sus terrenos de la avenida de la Pecuaria. Un proyecto que intenta hacer realidad el primer campus universitario privado en nuestro para\u00edso natural: 33 millones de [&hellip;]<!-- AddThis Advanced Settings generic via filter on get_the_excerpt --><!-- AddThis Share Buttons generic via filter on get_the_excerpt --><\/p>\n","protected":false},"author":5,"featured_media":8219,"comment_status":"open","ping_status":"open","sticky":false,"template":"","format":"standard","meta":[],"categories":[1],"tags":[312,17,1526,1506,1151,1525,1496],"_links":{"self":[{"href":"https:\/\/blogs.elcomercio.es\/retorcida-realidad\/wp-json\/wp\/v2\/posts\/8218"}],"collection":[{"href":"https:\/\/blogs.elcomercio.es\/retorcida-realidad\/wp-json\/wp\/v2\/posts"}],"about":[{"href":"https:\/\/blogs.elcomercio.es\/retorcida-realidad\/wp-json\/wp\/v2\/types\/post"}],"author":[{"embeddable":true,"href":"https:\/\/blogs.elcomercio.es\/retorcida-realidad\/wp-json\/wp\/v2\/users\/5"}],"replies":[{"embeddable":true,"href":"https:\/\/blogs.elcomercio.es\/retorcida-realidad\/wp-json\/wp\/v2\/comments?post=8218"}],"version-history":[{"count":1,"href":"https:\/\/blogs.elcomercio.es\/retorcida-realidad\/wp-json\/wp\/v2\/posts\/8218\/revisions"}],"predecessor-version":[{"id":8220,"href":"https:\/\/blogs.elcomercio.es\/retorcida-realidad\/wp-json\/wp\/v2\/posts\/8218\/revisions\/8220"}],"wp:featuredmedia":[{"embeddable":true,"href":"https:\/\/blogs.elcomercio.es\/retorcida-realidad\/wp-json\/wp\/v2\/media\/8219"}],"wp:attachment":[{"href":"https:\/\/blogs.elcomercio.es\/retorcida-realidad\/wp-json\/wp\/v2\/media?parent=8218"}],"wp:term":[{"taxonomy":"category","embeddable":true,"href":"https:\/\/blogs.elcomercio.es\/retorcida-realidad\/wp-json\/wp\/v2\/categories?post=8218"},{"taxonomy":"post_tag","embeddable":true,"href":"https:\/\/blogs.elcomercio.es\/retorcida-realidad\/wp-json\/wp\/v2\/tags?post=8218"}],"curies":[{"name":"wp","href":"https:\/\/api.w.org\/{rel}","templated":true}]}}