{"id":8222,"date":"2025-11-29T07:53:37","date_gmt":"2025-11-29T06:53:37","guid":{"rendered":"https:\/\/blogs.elcomercio.es\/retorcida-realidad\/?p=8222"},"modified":"2025-11-29T07:53:38","modified_gmt":"2025-11-29T06:53:38","slug":"navidad-navidad","status":"publish","type":"post","link":"https:\/\/blogs.elcomercio.es\/retorcida-realidad\/2025\/11\/29\/navidad-navidad\/","title":{"rendered":"Navidad, Navidad."},"content":{"rendered":"\n<p>Sin duda, las fiestas de Navidad han ido cogiendo auge con el paso del tiempo. <strong>Es m\u00e1s, no solo el alumbrado es cada vez mayor y se enciende m\u00e1s pronto (algunas ciudades acabar\u00e1n ilumin\u00e1ndose en agosto), sino que se van incorpor\u00e1ndose actividades (pistas de patinaje sobre hielo, mercadillos o parques de atracciones). <\/strong>Gij\u00f3n, claro, no iba a ser excepci\u00f3n a esta ola y, por eso, tambi\u00e9n tenemos de todo. Desde una pista de hielo que ha ido creciendo en tama\u00f1o, hasta las actividades de \u00abInverland\u00bb en el \u00absolar\u00f3n\u00bb. Ya saben, esa especie de parque tem\u00e1tico que se monta por estas fechas donde puedes comer, beber o subirte en alg\u00fan artilugio. Adem\u00e1s, por la presentaci\u00f3n que se hizo desde el Ayuntamiento, nuestra mascota se llama \u00abXelad\u00edn\u00bb y es la recreaci\u00f3n de una especie de rey Pelayo en forma de mu\u00f1eco de nieve. El caso es que la f\u00f3rmula funciona. <strong>Son unas fiestas muy apreciadas, concurridas y donde la ciudad tambi\u00e9n se la juega. <\/strong>Se juzgar\u00e1 la iluminaci\u00f3n que se encendi\u00f3 ayer (con m\u00e1s de cinco millones de puntos de luz), las actividades a realizar (cada vez m\u00e1s) y finalmente la Cabalgata de los Reyes Magos (que aumenta en tama\u00f1o a\u00f1o tras a\u00f1o). Por tanto, Gij\u00f3n no puede escapar (ni quiere) a este esp\u00edritu navide\u00f1o que ayer se inaugur\u00f3. A partir de ahora va a resultar pr\u00e1cticamente imposible sustraerse al mismo, puesto que estar\u00e1 presente en cada uno de los rincones de la ciudad. Pues nada, aunque queda poco menos de un mes para el 25 de diciembre, queda oficialmente inaugurada la Navidad en Gij\u00f3n. Disfr\u00fatenla.<\/p>\n\n\n\n<p><strong><em>S\u00edgueme en X<\/em><\/strong><\/p>\n\n\n\n<p><strong><em>@balbuenajm<\/em><\/strong><\/p>\n<!-- AddThis Advanced Settings generic via filter on the_content --><!-- AddThis Share Buttons generic via filter on the_content -->","protected":false},"excerpt":{"rendered":"<p>Sin duda, las fiestas de Navidad han ido cogiendo auge con el paso del tiempo. Es m\u00e1s, no solo el alumbrado es cada vez mayor y se enciende m\u00e1s pronto (algunas ciudades acabar\u00e1n ilumin\u00e1ndose en agosto), sino que se van incorpor\u00e1ndose actividades (pistas de patinaje sobre hielo, mercadillos o parques de atracciones). Gij\u00f3n, claro, no [&hellip;]<!-- AddThis Advanced Settings generic via filter on get_the_excerpt --><!-- AddThis Share Buttons generic via filter on get_the_excerpt --><\/p>\n","protected":false},"author":5,"featured_media":8223,"comment_status":"open","ping_status":"open","sticky":false,"template":"","format":"standard","meta":[],"categories":[1],"tags":[5,312,17,1527,783],"_links":{"self":[{"href":"https:\/\/blogs.elcomercio.es\/retorcida-realidad\/wp-json\/wp\/v2\/posts\/8222"}],"collection":[{"href":"https:\/\/blogs.elcomercio.es\/retorcida-realidad\/wp-json\/wp\/v2\/posts"}],"about":[{"href":"https:\/\/blogs.elcomercio.es\/retorcida-realidad\/wp-json\/wp\/v2\/types\/post"}],"author":[{"embeddable":true,"href":"https:\/\/blogs.elcomercio.es\/retorcida-realidad\/wp-json\/wp\/v2\/users\/5"}],"replies":[{"embeddable":true,"href":"https:\/\/blogs.elcomercio.es\/retorcida-realidad\/wp-json\/wp\/v2\/comments?post=8222"}],"version-history":[{"count":1,"href":"https:\/\/blogs.elcomercio.es\/retorcida-realidad\/wp-json\/wp\/v2\/posts\/8222\/revisions"}],"predecessor-version":[{"id":8224,"href":"https:\/\/blogs.elcomercio.es\/retorcida-realidad\/wp-json\/wp\/v2\/posts\/8222\/revisions\/8224"}],"wp:featuredmedia":[{"embeddable":true,"href":"https:\/\/blogs.elcomercio.es\/retorcida-realidad\/wp-json\/wp\/v2\/media\/8223"}],"wp:attachment":[{"href":"https:\/\/blogs.elcomercio.es\/retorcida-realidad\/wp-json\/wp\/v2\/media?parent=8222"}],"wp:term":[{"taxonomy":"category","embeddable":true,"href":"https:\/\/blogs.elcomercio.es\/retorcida-realidad\/wp-json\/wp\/v2\/categories?post=8222"},{"taxonomy":"post_tag","embeddable":true,"href":"https:\/\/blogs.elcomercio.es\/retorcida-realidad\/wp-json\/wp\/v2\/tags?post=8222"}],"curies":[{"name":"wp","href":"https:\/\/api.w.org\/{rel}","templated":true}]}}