{"id":8226,"date":"2025-12-06T08:01:53","date_gmt":"2025-12-06T07:01:53","guid":{"rendered":"https:\/\/blogs.elcomercio.es\/retorcida-realidad\/?p=8226"},"modified":"2025-12-06T08:01:54","modified_gmt":"2025-12-06T07:01:54","slug":"el-matrix","status":"publish","type":"post","link":"https:\/\/blogs.elcomercio.es\/retorcida-realidad\/2025\/12\/06\/el-matrix\/","title":{"rendered":"El Matrix"},"content":{"rendered":"\n<p>El pasado martes tuvo lugar una reuni\u00f3n entre el Ayuntamiento y la consejer\u00eda de Vivienda del Principado. Todo ello, para buscar una soluci\u00f3n al problema de la vivienda. Ya saben: la acuciante falta de oferta tanto en compra como en alquiler. <strong>Motivada, no me canso de repetirlo, por una nefasta ley. <\/strong>Pues bien, estuvieron sobre la mesa dos modelos diferentes. Desde instancias municipales, se busca la colaboraci\u00f3n p\u00fablico-privada. Esto es, el Plan Llave lo que pretende es permutar suelo para as\u00ed construir vivienda protegida. \u00bfEn qu\u00e9 est\u00e1 fallando? B\u00e1sicamente, en que el m\u00f3dulo (precio administrativo al que se debe comercializar) est\u00e1 bajo. <strong>Es decir, nadie -aunque algunos crean que s\u00ed- va a realizar una promoci\u00f3n a p\u00e9rdidas.<\/strong> En cambio, desde la consejer\u00eda solo se opta por lo p\u00fablico. El <em>\u00abyo me lo guiso y yo me lo como\u00bb<\/em>. O sea, se les cede suelo (de forma gratuita), lo construyen (a trav\u00e9s de la empresa p\u00fablica quebrada Sedes) y luego lo venden (con los criterios que ellos impongan, por supuesto). <strong>Dicho de otra forma: se fideliza una futura clientela electoral a trav\u00e9s de un bien de m\u00e1xima necesidad.<\/strong> Lo que quiere la consejer\u00eda est\u00e1 claro: yo soy el mercado. El propio consejero del ramo, <em>Ovidio Zapico<\/em>, lo dice sin ning\u00fan tipo de pudor: ni cree (ni le gusta) el mercado, ni la iniciativa privada. <strong>Por tanto, lo \u00fanico que nos propone es rogar, suplicar, pedir encarecidamente un hogar al Principado, dentro del \u00abMatrix\u00bb de lo p\u00fablico.<\/strong> A la postre, sanidad, educaci\u00f3n, transporte\u2026 y ahora, tambi\u00e9n, un piso.<\/p>\n\n\n\n<p><strong><em>S\u00edgueme en X<\/em><\/strong><\/p>\n\n\n\n<p><strong><em>@balbuenajm<\/em><\/strong><\/p>\n<!-- AddThis Advanced Settings generic via filter on the_content --><!-- AddThis Share Buttons generic via filter on the_content -->","protected":false},"excerpt":{"rendered":"<p>El pasado martes tuvo lugar una reuni\u00f3n entre el Ayuntamiento y la consejer\u00eda de Vivienda del Principado. Todo ello, para buscar una soluci\u00f3n al problema de la vivienda. Ya saben: la acuciante falta de oferta tanto en compra como en alquiler. Motivada, no me canso de repetirlo, por una nefasta ley. Pues bien, estuvieron sobre [&hellip;]<!-- AddThis Advanced Settings generic via filter on get_the_excerpt --><!-- AddThis Share Buttons generic via filter on get_the_excerpt --><\/p>\n","protected":false},"author":5,"featured_media":8227,"comment_status":"open","ping_status":"open","sticky":false,"template":"","format":"standard","meta":[],"categories":[1],"tags":[1528,1342,17,1359,384,486],"_links":{"self":[{"href":"https:\/\/blogs.elcomercio.es\/retorcida-realidad\/wp-json\/wp\/v2\/posts\/8226"}],"collection":[{"href":"https:\/\/blogs.elcomercio.es\/retorcida-realidad\/wp-json\/wp\/v2\/posts"}],"about":[{"href":"https:\/\/blogs.elcomercio.es\/retorcida-realidad\/wp-json\/wp\/v2\/types\/post"}],"author":[{"embeddable":true,"href":"https:\/\/blogs.elcomercio.es\/retorcida-realidad\/wp-json\/wp\/v2\/users\/5"}],"replies":[{"embeddable":true,"href":"https:\/\/blogs.elcomercio.es\/retorcida-realidad\/wp-json\/wp\/v2\/comments?post=8226"}],"version-history":[{"count":1,"href":"https:\/\/blogs.elcomercio.es\/retorcida-realidad\/wp-json\/wp\/v2\/posts\/8226\/revisions"}],"predecessor-version":[{"id":8228,"href":"https:\/\/blogs.elcomercio.es\/retorcida-realidad\/wp-json\/wp\/v2\/posts\/8226\/revisions\/8228"}],"wp:featuredmedia":[{"embeddable":true,"href":"https:\/\/blogs.elcomercio.es\/retorcida-realidad\/wp-json\/wp\/v2\/media\/8227"}],"wp:attachment":[{"href":"https:\/\/blogs.elcomercio.es\/retorcida-realidad\/wp-json\/wp\/v2\/media?parent=8226"}],"wp:term":[{"taxonomy":"category","embeddable":true,"href":"https:\/\/blogs.elcomercio.es\/retorcida-realidad\/wp-json\/wp\/v2\/categories?post=8226"},{"taxonomy":"post_tag","embeddable":true,"href":"https:\/\/blogs.elcomercio.es\/retorcida-realidad\/wp-json\/wp\/v2\/tags?post=8226"}],"curies":[{"name":"wp","href":"https:\/\/api.w.org\/{rel}","templated":true}]}}