{"id":8229,"date":"2025-12-13T07:08:34","date_gmt":"2025-12-13T06:08:34","guid":{"rendered":"https:\/\/blogs.elcomercio.es\/retorcida-realidad\/?p=8229"},"modified":"2025-12-13T07:08:35","modified_gmt":"2025-12-13T06:08:35","slug":"lo-inexplicable","status":"publish","type":"post","link":"https:\/\/blogs.elcomercio.es\/retorcida-realidad\/2025\/12\/13\/lo-inexplicable\/","title":{"rendered":"Lo inexplicable."},"content":{"rendered":"\n<p>La sanidad privada no lo va a tener f\u00e1cil para implantarse en Gij\u00f3n. A las tres demandas judiciales planteadas para impedir su llegada, se unen posturas chuscas como la de la Federaci\u00f3n de Asociaciones Vecinales de la Zona Urbana (FAV). Esta misma semana, la FAV ped\u00eda expropiar el suelo del Grupo Quir\u00f3n junto al Hospital de Cabue\u00f1es. Ya saben, el terreno que es objeto de permuta con otros municipales en Nuevo Gij\u00f3n, donde pretende ubicarse el proyecto. Todo ello, porque el Ayuntamiento anunci\u00f3 que podr\u00eda plantearse comprarle a Quiron ese suelo necesario para la ampliaci\u00f3n de Cabue\u00f1es, en caso de que la v\u00eda judicial prospere. <strong>Pues bien, como digo, resulta inexplicable que los representantes vecinales asuman las posturas radicales contra la sanidad privada de IU y Podemos. <\/strong>Oigan, como si su propiedad se pudiese arrebatar de forma r\u00e1pida, sencilla y sin mayores complicaciones. Algo, por supuesto, que no es ni mucho menos as\u00ed. Para la FAV, ya lo ha demostrado muchas veces, existe, parafraseando a <em>Donoso Cort\u00e9s<\/em>, la <em>\u00abinmaculada concepci\u00f3n de lo p\u00fablico<\/em>\u00bb. O sea, siempre sin pecado original. Esto es, lo privado es sin\u00f3nimo de especulaci\u00f3n, usura, explotaci\u00f3n, blablabl\u00e1. Por ejemplo, una nueva industria (cuidado que contamina), el transporte (ni hablar del veh\u00edculo particular), vivienda (la que tenga a bien darte la administraci\u00f3n de turno)\u2026 \u00bfsigo? <strong>Eso s\u00ed, cuando hablamos de luchar por causas justas -el vial de Jove o plan de v\u00edas- su poder de convocatoria es m\u00ednimo. Yo dir\u00eda que pr\u00e1cticamente nulo.<\/strong><\/p>\n\n\n\n<p><strong><em>S\u00edgueme en X<\/em><\/strong><\/p>\n\n\n\n<p><strong><em>@balbuenajm<\/em><\/strong><\/p>\n<!-- AddThis Advanced Settings generic via filter on the_content --><!-- AddThis Share Buttons generic via filter on the_content -->","protected":false},"excerpt":{"rendered":"<p>La sanidad privada no lo va a tener f\u00e1cil para implantarse en Gij\u00f3n. A las tres demandas judiciales planteadas para impedir su llegada, se unen posturas chuscas como la de la Federaci\u00f3n de Asociaciones Vecinales de la Zona Urbana (FAV). Esta misma semana, la FAV ped\u00eda expropiar el suelo del Grupo Quir\u00f3n junto al Hospital [&hellip;]<!-- AddThis Advanced Settings generic via filter on get_the_excerpt --><!-- AddThis Share Buttons generic via filter on get_the_excerpt --><\/p>\n","protected":false},"author":5,"featured_media":8230,"comment_status":"open","ping_status":"open","sticky":false,"template":"","format":"standard","meta":[],"categories":[1],"tags":[312,581,1529,17,232,1530,1187,414],"_links":{"self":[{"href":"https:\/\/blogs.elcomercio.es\/retorcida-realidad\/wp-json\/wp\/v2\/posts\/8229"}],"collection":[{"href":"https:\/\/blogs.elcomercio.es\/retorcida-realidad\/wp-json\/wp\/v2\/posts"}],"about":[{"href":"https:\/\/blogs.elcomercio.es\/retorcida-realidad\/wp-json\/wp\/v2\/types\/post"}],"author":[{"embeddable":true,"href":"https:\/\/blogs.elcomercio.es\/retorcida-realidad\/wp-json\/wp\/v2\/users\/5"}],"replies":[{"embeddable":true,"href":"https:\/\/blogs.elcomercio.es\/retorcida-realidad\/wp-json\/wp\/v2\/comments?post=8229"}],"version-history":[{"count":1,"href":"https:\/\/blogs.elcomercio.es\/retorcida-realidad\/wp-json\/wp\/v2\/posts\/8229\/revisions"}],"predecessor-version":[{"id":8231,"href":"https:\/\/blogs.elcomercio.es\/retorcida-realidad\/wp-json\/wp\/v2\/posts\/8229\/revisions\/8231"}],"wp:featuredmedia":[{"embeddable":true,"href":"https:\/\/blogs.elcomercio.es\/retorcida-realidad\/wp-json\/wp\/v2\/media\/8230"}],"wp:attachment":[{"href":"https:\/\/blogs.elcomercio.es\/retorcida-realidad\/wp-json\/wp\/v2\/media?parent=8229"}],"wp:term":[{"taxonomy":"category","embeddable":true,"href":"https:\/\/blogs.elcomercio.es\/retorcida-realidad\/wp-json\/wp\/v2\/categories?post=8229"},{"taxonomy":"post_tag","embeddable":true,"href":"https:\/\/blogs.elcomercio.es\/retorcida-realidad\/wp-json\/wp\/v2\/tags?post=8229"}],"curies":[{"name":"wp","href":"https:\/\/api.w.org\/{rel}","templated":true}]}}