{"id":8244,"date":"2026-01-03T08:08:04","date_gmt":"2026-01-03T07:08:04","guid":{"rendered":"https:\/\/blogs.elcomercio.es\/retorcida-realidad\/?p=8244"},"modified":"2026-01-03T08:08:05","modified_gmt":"2026-01-03T07:08:05","slug":"retrasar-lo-inevitable","status":"publish","type":"post","link":"https:\/\/blogs.elcomercio.es\/retorcida-realidad\/2026\/01\/03\/retrasar-lo-inevitable\/","title":{"rendered":"Retrasar lo inevitable."},"content":{"rendered":"\n<p>Este a\u00f1o que comienza tiene que ser el de la consolidaci\u00f3n del proyecto de Naval Azul. Un espacio abierto a la ciudad y que est\u00e1 siendo todo un \u00e9xito de aceptaci\u00f3n ciudadana. Sin embargo, no podemos dejar de lado que quedan bastantes cosas por hacer. Entre otras, solucionar lo de la compra de los terrenos pendientes, propiedad de Peque\u00f1os y Medianos Astilleros en Reconversi\u00f3n (Pymar). Actualmente, unos 21.188 metros cuadrados donde se encuentran los edificios y naves del antiguo astillero de Naval Gij\u00f3n. Una zona, digo, que desluce toda la urbanizaci\u00f3n que ha hecho el Ayuntamiento, al mostrar un importante estado de abandono. Yo dir\u00eda incluso que casi de ruina. <strong>Eso s\u00ed, pienso que el equipo de gobierno tiene todas las cartas para que Pymar se avenga a un acuerdo. <\/strong>M\u00e1s que nada, puesto que es el \u00fanico cliente posible para su propiedad. <strong>La iniciativa privada no es alternativa ya que ni est\u00e1 ni se la espera, ni jam\u00e1s entrar\u00e1 en una operaci\u00f3n de este tipo.<\/strong> Adem\u00e1s, el desarrollo del plan urban\u00edstico especial que se est\u00e1 dise\u00f1ando le obliga a cumplir con su parte en el futuro parque empresarial, al ser el Ayuntamiento el propietario mayoritario. Por tanto, no vemos ninguna raz\u00f3n para que esa zona no pase a ser terreno municipal, como ocurri\u00f3 con el resto comprado al Puerto gijon\u00e9s pese a alg\u00fan que otro problemilla (ya saben, lo de la franja litoral que se resist\u00eda a ceder). <strong>Lo contrario, o sea, darle vueltas y m\u00e1s vueltas a la operaci\u00f3n, ser\u00eda nada m\u00e1s que retrasar lo inevitable.<\/strong><\/p>\n\n\n\n<p><strong><em>S\u00edgueme en X<\/em><\/strong><\/p>\n\n\n\n<p><strong><em>@balbuenajm<\/em><\/strong><\/p>\n<!-- AddThis Advanced Settings generic via filter on the_content --><!-- AddThis Share Buttons generic via filter on the_content -->","protected":false},"excerpt":{"rendered":"<p>Este a\u00f1o que comienza tiene que ser el de la consolidaci\u00f3n del proyecto de Naval Azul. Un espacio abierto a la ciudad y que est\u00e1 siendo todo un \u00e9xito de aceptaci\u00f3n ciudadana. Sin embargo, no podemos dejar de lado que quedan bastantes cosas por hacer. Entre otras, solucionar lo de la compra de los terrenos [&hellip;]<!-- AddThis Advanced Settings generic via filter on get_the_excerpt --><!-- AddThis Share Buttons generic via filter on get_the_excerpt --><\/p>\n","protected":false},"author":5,"featured_media":8245,"comment_status":"open","ping_status":"open","sticky":false,"template":"","format":"standard","meta":[],"categories":[1],"tags":[312,17,1351,19,1038],"_links":{"self":[{"href":"https:\/\/blogs.elcomercio.es\/retorcida-realidad\/wp-json\/wp\/v2\/posts\/8244"}],"collection":[{"href":"https:\/\/blogs.elcomercio.es\/retorcida-realidad\/wp-json\/wp\/v2\/posts"}],"about":[{"href":"https:\/\/blogs.elcomercio.es\/retorcida-realidad\/wp-json\/wp\/v2\/types\/post"}],"author":[{"embeddable":true,"href":"https:\/\/blogs.elcomercio.es\/retorcida-realidad\/wp-json\/wp\/v2\/users\/5"}],"replies":[{"embeddable":true,"href":"https:\/\/blogs.elcomercio.es\/retorcida-realidad\/wp-json\/wp\/v2\/comments?post=8244"}],"version-history":[{"count":1,"href":"https:\/\/blogs.elcomercio.es\/retorcida-realidad\/wp-json\/wp\/v2\/posts\/8244\/revisions"}],"predecessor-version":[{"id":8246,"href":"https:\/\/blogs.elcomercio.es\/retorcida-realidad\/wp-json\/wp\/v2\/posts\/8244\/revisions\/8246"}],"wp:featuredmedia":[{"embeddable":true,"href":"https:\/\/blogs.elcomercio.es\/retorcida-realidad\/wp-json\/wp\/v2\/media\/8245"}],"wp:attachment":[{"href":"https:\/\/blogs.elcomercio.es\/retorcida-realidad\/wp-json\/wp\/v2\/media?parent=8244"}],"wp:term":[{"taxonomy":"category","embeddable":true,"href":"https:\/\/blogs.elcomercio.es\/retorcida-realidad\/wp-json\/wp\/v2\/categories?post=8244"},{"taxonomy":"post_tag","embeddable":true,"href":"https:\/\/blogs.elcomercio.es\/retorcida-realidad\/wp-json\/wp\/v2\/tags?post=8244"}],"curies":[{"name":"wp","href":"https:\/\/api.w.org\/{rel}","templated":true}]}}