{"id":8248,"date":"2026-01-10T07:15:00","date_gmt":"2026-01-10T06:15:00","guid":{"rendered":"https:\/\/blogs.elcomercio.es\/retorcida-realidad\/?p=8248"},"modified":"2026-01-10T07:15:01","modified_gmt":"2026-01-10T06:15:01","slug":"nuevos-tiempos-2","status":"publish","type":"post","link":"https:\/\/blogs.elcomercio.es\/retorcida-realidad\/2026\/01\/10\/nuevos-tiempos-2\/","title":{"rendered":"Nuevos tiempos."},"content":{"rendered":"\n<p><strong><em>\u00abAntes quien era due\u00f1o de un local ten\u00eda algo, ahora no\u00bb<\/em><\/strong>. Esta lapidaria frase me la dijo un propietario, tras ver que para su peque\u00f1o bajo comercial era incapaz de encontrar arrendatario. Despu\u00e9s muchos a\u00f1os en alquiler qued\u00f3 vac\u00edo por jubilaci\u00f3n, no mostrando nadie inter\u00e9s en continuar (o quiz\u00e1 cambiar) la actividad. Sin duda, la misma historia de muchos otros locales en nuestra ciudad. Sobre todo, aquellos que no se encuentran en zonas premium, es decir, all\u00ed donde las grandes marcas pagan cantidades exorbitantes. Sin embargo, en los barrios es otra cosa. <strong>Solo hace falta pasear y ver la cantidad de ellos que se encuentran vac\u00edos. <\/strong>A la mencionada falta de relevo generacional, se une tambi\u00e9n el signo de los nuevos tiempos: la digitalizaci\u00f3n. <strong>Esto es, cada vez m\u00e1s se impone m\u00e1s la compra on line y deja de interesar el peque\u00f1o comercio de proximidad.<\/strong> Por eso, no es de extra\u00f1ar, como pudieron leer en estas mismas p\u00e1ginas, que el n\u00famero de solicitudes para transformarlos en viviendas se multiplicase por cuatro. En concreto, en 2023 eran 15 y el a\u00f1o pasado 95. Desde luego, es una salida -como en su d\u00eda fue la reconversi\u00f3n para trasteros- a la falta de demanda. Exactamente igual que las oficinas, donde el teletrabajo y las tendencias actuales al nomadismo han hecho que est\u00e9n bajo m\u00ednimos. Bien har\u00eda el Ayuntamiento, ante la nueva normativa que pretende regular este crecimiento, en revisarla a conciencia. <strong>M\u00e1s que nada, para ofrecer soluciones a la grave crisis de vivienda, sin dejar de dar vida a nuestras calles.<\/strong><\/p>\n\n\n\n<p><strong><em>S\u00edgueme en X<\/em><\/strong><\/p>\n\n\n\n<p><strong><em>@balbuenajm<\/em><\/strong><\/p>\n<!-- AddThis Advanced Settings generic via filter on the_content --><!-- AddThis Share Buttons generic via filter on the_content -->","protected":false},"excerpt":{"rendered":"<p>\u00abAntes quien era due\u00f1o de un local ten\u00eda algo, ahora no\u00bb. Esta lapidaria frase me la dijo un propietario, tras ver que para su peque\u00f1o bajo comercial era incapaz de encontrar arrendatario. Despu\u00e9s muchos a\u00f1os en alquiler qued\u00f3 vac\u00edo por jubilaci\u00f3n, no mostrando nadie inter\u00e9s en continuar (o quiz\u00e1 cambiar) la actividad. Sin duda, la [&hellip;]<!-- AddThis Advanced Settings generic via filter on get_the_excerpt --><!-- AddThis Share Buttons generic via filter on get_the_excerpt --><\/p>\n","protected":false},"author":5,"featured_media":8249,"comment_status":"open","ping_status":"open","sticky":false,"template":"","format":"standard","meta":[],"categories":[1],"tags":[312,17,1535,1392,486],"_links":{"self":[{"href":"https:\/\/blogs.elcomercio.es\/retorcida-realidad\/wp-json\/wp\/v2\/posts\/8248"}],"collection":[{"href":"https:\/\/blogs.elcomercio.es\/retorcida-realidad\/wp-json\/wp\/v2\/posts"}],"about":[{"href":"https:\/\/blogs.elcomercio.es\/retorcida-realidad\/wp-json\/wp\/v2\/types\/post"}],"author":[{"embeddable":true,"href":"https:\/\/blogs.elcomercio.es\/retorcida-realidad\/wp-json\/wp\/v2\/users\/5"}],"replies":[{"embeddable":true,"href":"https:\/\/blogs.elcomercio.es\/retorcida-realidad\/wp-json\/wp\/v2\/comments?post=8248"}],"version-history":[{"count":1,"href":"https:\/\/blogs.elcomercio.es\/retorcida-realidad\/wp-json\/wp\/v2\/posts\/8248\/revisions"}],"predecessor-version":[{"id":8250,"href":"https:\/\/blogs.elcomercio.es\/retorcida-realidad\/wp-json\/wp\/v2\/posts\/8248\/revisions\/8250"}],"wp:featuredmedia":[{"embeddable":true,"href":"https:\/\/blogs.elcomercio.es\/retorcida-realidad\/wp-json\/wp\/v2\/media\/8249"}],"wp:attachment":[{"href":"https:\/\/blogs.elcomercio.es\/retorcida-realidad\/wp-json\/wp\/v2\/media?parent=8248"}],"wp:term":[{"taxonomy":"category","embeddable":true,"href":"https:\/\/blogs.elcomercio.es\/retorcida-realidad\/wp-json\/wp\/v2\/categories?post=8248"},{"taxonomy":"post_tag","embeddable":true,"href":"https:\/\/blogs.elcomercio.es\/retorcida-realidad\/wp-json\/wp\/v2\/tags?post=8248"}],"curies":[{"name":"wp","href":"https:\/\/api.w.org\/{rel}","templated":true}]}}