{"id":8252,"date":"2026-01-17T08:00:05","date_gmt":"2026-01-17T07:00:05","guid":{"rendered":"https:\/\/blogs.elcomercio.es\/retorcida-realidad\/?p=8252"},"modified":"2026-01-17T08:00:06","modified_gmt":"2026-01-17T07:00:06","slug":"una-patada-tras-otra","status":"publish","type":"post","link":"https:\/\/blogs.elcomercio.es\/retorcida-realidad\/2026\/01\/17\/una-patada-tras-otra\/","title":{"rendered":"Una patada tras otra."},"content":{"rendered":"\n<p>Los partidos pol\u00edticos municipales se han puesto ya en modo electoral. Ojo, y eso que falta todav\u00eda bastante para mayo de 2027. As\u00ed, cada uno de ellos, va mostrando sus estrategias con unos diecis\u00e9is meses por delante. <strong>En Foro est\u00e1 claro que nos quieren vender sus proyectos.<\/strong> M\u00e1s o menos, lo que ha hecho nuestra alcaldesa, <em>Carmen Moriy\u00f3n<\/em>, en comparecencia p\u00fablica esta misma semana. Bajo el lema, <em>\u00abGij\u00f3n con hechos\u00bb <\/em>fue desgranando todas las actuaciones que se est\u00e1n realizando en la ciudad y las que quedan por llegar. En cambio, para su socio, el PP, el objetivo es otro bien distinto. Quieren m\u00e1s reconocimiento en el gobierno de coalici\u00f3n, puesto que sienten que todas las medallas se las est\u00e1 llevando Foro. Por eso, episodios como el affaire del reciclaje textil -ya saben, las discrepancias entre ambas formaciones por la adjudicaci\u00f3n de un contrato en Emulsa- ir\u00e1n a m\u00e1s. <strong>Para los socialistas, la labor est\u00e1 en buscar candidato. <\/strong>Despu\u00e9s de la marcha de <em>Luis Manuel Fl\u00f3rez<\/em>, <em>\u00abFloro\u00bb<\/em>, esa funci\u00f3n de liderazgo parece hacerla el secretario general gijon\u00e9s, <em>Monchu Garc\u00eda<\/em>. Eso s\u00ed, habr\u00e1 que ver c\u00f3mo le afecta al partido a nivel local, la mala situaci\u00f3n del gobierno de <em>Pedro S\u00e1nchez<\/em>. Por su parte Vox, no tiene problemas: como se opone a todo lo que se hace o dice, ni sufre ni padece. Por \u00faltimo, IU espera rentabilizar su visibilidad en el Principado, mientras que Podemos quiere resurgir por el hundimiento de Sumar. <strong>En fin, que, como les digo, lo que van a ver a partir de ahora entre ellos es una patada tras otra.<\/strong><\/p>\n\n\n\n<p><strong><em>S\u00edgueme en X<\/em><\/strong><\/p>\n\n\n\n<p><strong><em>@balbuenajm<\/em><\/strong><\/p>\n<!-- AddThis Advanced Settings generic via filter on the_content --><!-- AddThis Share Buttons generic via filter on the_content -->","protected":false},"excerpt":{"rendered":"<p>Los partidos pol\u00edticos municipales se han puesto ya en modo electoral. Ojo, y eso que falta todav\u00eda bastante para mayo de 2027. As\u00ed, cada uno de ellos, va mostrando sus estrategias con unos diecis\u00e9is meses por delante. En Foro est\u00e1 claro que nos quieren vender sus proyectos. M\u00e1s o menos, lo que ha hecho nuestra [&hellip;]<!-- AddThis Advanced Settings generic via filter on get_the_excerpt --><!-- AddThis Share Buttons generic via filter on get_the_excerpt --><\/p>\n","protected":false},"author":5,"featured_media":8253,"comment_status":"open","ping_status":"open","sticky":false,"template":"","format":"standard","meta":[],"categories":[1],"tags":[312,236,17,126,66,114,23],"_links":{"self":[{"href":"https:\/\/blogs.elcomercio.es\/retorcida-realidad\/wp-json\/wp\/v2\/posts\/8252"}],"collection":[{"href":"https:\/\/blogs.elcomercio.es\/retorcida-realidad\/wp-json\/wp\/v2\/posts"}],"about":[{"href":"https:\/\/blogs.elcomercio.es\/retorcida-realidad\/wp-json\/wp\/v2\/types\/post"}],"author":[{"embeddable":true,"href":"https:\/\/blogs.elcomercio.es\/retorcida-realidad\/wp-json\/wp\/v2\/users\/5"}],"replies":[{"embeddable":true,"href":"https:\/\/blogs.elcomercio.es\/retorcida-realidad\/wp-json\/wp\/v2\/comments?post=8252"}],"version-history":[{"count":1,"href":"https:\/\/blogs.elcomercio.es\/retorcida-realidad\/wp-json\/wp\/v2\/posts\/8252\/revisions"}],"predecessor-version":[{"id":8254,"href":"https:\/\/blogs.elcomercio.es\/retorcida-realidad\/wp-json\/wp\/v2\/posts\/8252\/revisions\/8254"}],"wp:featuredmedia":[{"embeddable":true,"href":"https:\/\/blogs.elcomercio.es\/retorcida-realidad\/wp-json\/wp\/v2\/media\/8253"}],"wp:attachment":[{"href":"https:\/\/blogs.elcomercio.es\/retorcida-realidad\/wp-json\/wp\/v2\/media?parent=8252"}],"wp:term":[{"taxonomy":"category","embeddable":true,"href":"https:\/\/blogs.elcomercio.es\/retorcida-realidad\/wp-json\/wp\/v2\/categories?post=8252"},{"taxonomy":"post_tag","embeddable":true,"href":"https:\/\/blogs.elcomercio.es\/retorcida-realidad\/wp-json\/wp\/v2\/tags?post=8252"}],"curies":[{"name":"wp","href":"https:\/\/api.w.org\/{rel}","templated":true}]}}