{"id":8256,"date":"2026-01-24T07:59:49","date_gmt":"2026-01-24T06:59:49","guid":{"rendered":"https:\/\/blogs.elcomercio.es\/retorcida-realidad\/?p=8256"},"modified":"2026-01-24T07:59:50","modified_gmt":"2026-01-24T06:59:50","slug":"las-lamentaciones","status":"publish","type":"post","link":"https:\/\/blogs.elcomercio.es\/retorcida-realidad\/2026\/01\/24\/las-lamentaciones\/","title":{"rendered":"Las lamentaciones."},"content":{"rendered":"\n<p>Somos una ciudad que est\u00e1 instalada en la queja permanente. Ojo, pero con raz\u00f3n. De manera reiterada, nos lamentamos por la falta de infraestructuras b\u00e1sicas. O sea, estaci\u00f3n intermodal, plan de v\u00edas, alternativa de Abo\u00f1o, metrotr\u00e9n\u2026 Ahora bien, no crea el lector que le voy a volver a dar la turra con eso. <strong>Mi intenci\u00f3n, bien al contrario, es demostrarles que hay que cambiar el chip.<\/strong> Es decir, que lo que hacemos no ha tenido (ni tiene) ninguna repercusi\u00f3n en Madrid. Hablo de cosas como las cartas que dirigi\u00f3 nuestra alcaldesa, <em>Carmen Moriy\u00f3n<\/em>, al ministerio de Transportes. Primero, al ministro, <em>\u00d3scar Puente;<\/em> y luego al secretario de Estado, <em>Jos\u00e9 Antonio Santano<\/em>. Todas ellas, por supuesto, sin respuesta. O como los vecinos de La Calzada que se concentraron bajo la lluvia este mismo mi\u00e9rcoles, para pedir que dejen de pasar m\u00e1s de mil camiones al d\u00eda por la avenida Pr\u00edncipe de Asturias. De momento, pese a su insistencia, completamente ignorados. Sin embargo, vamos hacia tiempos electorales donde cada voto cuenta. <strong>Debemos, pues, hacer ver a qui\u00e9n corresponda que este abandono tendr\u00e1 severas consecuencias en las urnas. <\/strong>Dicho de otra forma: lo que no consigamos a partir de ahora, dif\u00edcilmente lo obtendremos despu\u00e9s de mayo de 2027. Eso, claro, si no hay un enga\u00f1o como el perpetrado en el 2023 con el vial de Jove. Lo que no cabe es estar como el poeta b\u00edblico <em>Jerem\u00edas <\/em>en el libro de las Lamentaciones: en el lloro continuo y luego seguir votando lo mismo. <strong>M\u00e1s que nada, porque, entonces, tenemos lo que nos merecemos.<\/strong><\/p>\n\n\n\n<p><strong><em>S\u00edgueme en X<\/em><\/strong><\/p>\n\n\n\n<p><strong><em>@balbuenajm<\/em><\/strong><\/p>\n<!-- AddThis Advanced Settings generic via filter on the_content --><!-- AddThis Share Buttons generic via filter on the_content -->","protected":false},"excerpt":{"rendered":"<p>Somos una ciudad que est\u00e1 instalada en la queja permanente. Ojo, pero con raz\u00f3n. De manera reiterada, nos lamentamos por la falta de infraestructuras b\u00e1sicas. O sea, estaci\u00f3n intermodal, plan de v\u00edas, alternativa de Abo\u00f1o, metrotr\u00e9n\u2026 Ahora bien, no crea el lector que le voy a volver a dar la turra con eso. Mi intenci\u00f3n, [&hellip;]<!-- AddThis Advanced Settings generic via filter on get_the_excerpt --><!-- AddThis Share Buttons generic via filter on get_the_excerpt --><\/p>\n","protected":false},"author":5,"featured_media":8257,"comment_status":"open","ping_status":"open","sticky":false,"template":"","format":"standard","meta":[],"categories":[1],"tags":[312,17,159,1123,1522,36,1078],"_links":{"self":[{"href":"https:\/\/blogs.elcomercio.es\/retorcida-realidad\/wp-json\/wp\/v2\/posts\/8256"}],"collection":[{"href":"https:\/\/blogs.elcomercio.es\/retorcida-realidad\/wp-json\/wp\/v2\/posts"}],"about":[{"href":"https:\/\/blogs.elcomercio.es\/retorcida-realidad\/wp-json\/wp\/v2\/types\/post"}],"author":[{"embeddable":true,"href":"https:\/\/blogs.elcomercio.es\/retorcida-realidad\/wp-json\/wp\/v2\/users\/5"}],"replies":[{"embeddable":true,"href":"https:\/\/blogs.elcomercio.es\/retorcida-realidad\/wp-json\/wp\/v2\/comments?post=8256"}],"version-history":[{"count":1,"href":"https:\/\/blogs.elcomercio.es\/retorcida-realidad\/wp-json\/wp\/v2\/posts\/8256\/revisions"}],"predecessor-version":[{"id":8258,"href":"https:\/\/blogs.elcomercio.es\/retorcida-realidad\/wp-json\/wp\/v2\/posts\/8256\/revisions\/8258"}],"wp:featuredmedia":[{"embeddable":true,"href":"https:\/\/blogs.elcomercio.es\/retorcida-realidad\/wp-json\/wp\/v2\/media\/8257"}],"wp:attachment":[{"href":"https:\/\/blogs.elcomercio.es\/retorcida-realidad\/wp-json\/wp\/v2\/media?parent=8256"}],"wp:term":[{"taxonomy":"category","embeddable":true,"href":"https:\/\/blogs.elcomercio.es\/retorcida-realidad\/wp-json\/wp\/v2\/categories?post=8256"},{"taxonomy":"post_tag","embeddable":true,"href":"https:\/\/blogs.elcomercio.es\/retorcida-realidad\/wp-json\/wp\/v2\/tags?post=8256"}],"curies":[{"name":"wp","href":"https:\/\/api.w.org\/{rel}","templated":true}]}}